{"id":2507,"date":"2023-11-09T14:23:00","date_gmt":"2023-11-09T17:23:00","guid":{"rendered":"https:\/\/www.mundolinhaviva.com.br\/blog\/?p=2507"},"modified":"2023-12-15T15:43:07","modified_gmt":"2023-12-15T18:43:07","slug":"epi-s-para-trabalho-em-altura","status":"publish","type":"post","link":"https:\/\/www.mundolinhaviva.com.br\/blog\/epi-s-para-trabalho-em-altura\/","title":{"rendered":"EPI&#8217;s para trabalho em altura: conhe\u00e7a os equipamentos da Mundo Linha Viva"},"content":{"rendered":"<span class=\"rt-reading-time\" style=\"display: block;\"><span class=\"rt-label rt-prefix\">Tempo de leitura<\/span> <span class=\"rt-time\">4<\/span> <span class=\"rt-label rt-postfix\">minutos<\/span><\/span>\n<p><strong>Investir em EPI&#8217;s para trabalho em altura \u00e9 crucial para garantir a seguran\u00e7a e o bem-estar dos profissionais que enfrentam esses desafios.<\/strong><\/p>\n\n\n\n<p>Trabalhos em altura apresentam riscos significativos e exigem precau\u00e7\u00f5es especiais para garantir a seguran\u00e7a dos trabalhadores. A <a href=\"https:\/\/www.mundolinhaviva.com.br\/empresa\/\">Mundo Linha Viva<\/a>, reconhecida por sua excel\u00eancia em equipamentos de prote\u00e7\u00e3o individual (EPI), oferece solu\u00e7\u00f5es para garantir a seguran\u00e7a em atividades que envolvem eleva\u00e7\u00e3o e risco de quedas.&nbsp;<\/p>\n\n\n\n<div id=\"ez-toc-container\" class=\"ez-toc-v2_0_62 counter-hierarchy ez-toc-counter ez-toc-white ez-toc-container-direction\">\n<div class=\"ez-toc-title-container\">\n<p class=\"ez-toc-title \" >O que abordaremos neste artigo:<\/p>\n<span class=\"ez-toc-title-toggle\"><a href=\"#\" class=\"ez-toc-pull-right ez-toc-btn ez-toc-btn-xs ez-toc-btn-default ez-toc-toggle\" aria-label=\"Toggle Table of Content\"><span class=\"ez-toc-js-icon-con\"><span class=\"\"><span class=\"eztoc-hide\" style=\"display:none;\">Toggle<\/span><span class=\"ez-toc-icon-toggle-span\"><svg style=\"fill: #999;color:#999\" xmlns=\"http:\/\/www.w3.org\/2000\/svg\" class=\"list-377408\" width=\"20px\" height=\"20px\" viewBox=\"0 0 24 24\" fill=\"none\"><path d=\"M6 6H4v2h2V6zm14 0H8v2h12V6zM4 11h2v2H4v-2zm16 0H8v2h12v-2zM4 16h2v2H4v-2zm16 0H8v2h12v-2z\" fill=\"currentColor\"><\/path><\/svg><svg style=\"fill: #999;color:#999\" class=\"arrow-unsorted-368013\" xmlns=\"http:\/\/www.w3.org\/2000\/svg\" width=\"10px\" height=\"10px\" viewBox=\"0 0 24 24\" version=\"1.2\" baseProfile=\"tiny\"><path d=\"M18.2 9.3l-6.2-6.3-6.2 6.3c-.2.2-.3.4-.3.7s.1.5.3.7c.2.2.4.3.7.3h11c.3 0 .5-.1.7-.3.2-.2.3-.5.3-.7s-.1-.5-.3-.7zM5.8 14.7l6.2 6.3 6.2-6.3c.2-.2.3-.5.3-.7s-.1-.5-.3-.7c-.2-.2-.4-.3-.7-.3h-11c-.3 0-.5.1-.7.3-.2.2-.3.5-.3.7s.1.5.3.7z\"\/><\/svg><\/span><\/span><\/span><\/a><\/span><\/div>\n<nav><ul class='ez-toc-list ez-toc-list-level-1 ' ><li class='ez-toc-page-1 ez-toc-heading-level-2'><a class=\"ez-toc-link ez-toc-heading-1\" href=\"https:\/\/www.mundolinhaviva.com.br\/blog\/epi-s-para-trabalho-em-altura\/#Principais_equipamentos_essenciais_para_trabalhos_em_altura\" title=\"Principais equipamentos essenciais para trabalhos em altura\">Principais equipamentos essenciais para trabalhos em altura<\/a><ul class='ez-toc-list-level-3' ><li class='ez-toc-heading-level-3'><a class=\"ez-toc-link ez-toc-heading-2\" href=\"https:\/\/www.mundolinhaviva.com.br\/blog\/epi-s-para-trabalho-em-altura\/#Cintos_de_protecao\" title=\"Cintos de prote\u00e7\u00e3o\">Cintos de prote\u00e7\u00e3o<\/a><\/li><li class='ez-toc-page-1 ez-toc-heading-level-3'><a class=\"ez-toc-link ez-toc-heading-3\" href=\"https:\/\/www.mundolinhaviva.com.br\/blog\/epi-s-para-trabalho-em-altura\/#Talabartes\" title=\"Talabartes\">Talabartes<\/a><\/li><li class='ez-toc-page-1 ez-toc-heading-level-3'><a class=\"ez-toc-link ez-toc-heading-4\" href=\"https:\/\/www.mundolinhaviva.com.br\/blog\/epi-s-para-trabalho-em-altura\/#Capacete_de_seguranca\" title=\"Capacete de seguran\u00e7a\">Capacete de seguran\u00e7a<\/a><\/li><li class='ez-toc-page-1 ez-toc-heading-level-3'><a class=\"ez-toc-link ez-toc-heading-5\" href=\"https:\/\/www.mundolinhaviva.com.br\/blog\/epi-s-para-trabalho-em-altura\/#Trava-quedas\" title=\"Trava-quedas\">Trava-quedas<\/a><\/li><li class='ez-toc-page-1 ez-toc-heading-level-3'><a class=\"ez-toc-link ez-toc-heading-6\" href=\"https:\/\/www.mundolinhaviva.com.br\/blog\/epi-s-para-trabalho-em-altura\/#Luvas_de_protecao\" title=\"Luvas de prote\u00e7\u00e3o\">Luvas de prote\u00e7\u00e3o<\/a><\/li><\/ul><\/li><li class='ez-toc-page-1 ez-toc-heading-level-2'><a class=\"ez-toc-link ez-toc-heading-7\" href=\"https:\/\/www.mundolinhaviva.com.br\/blog\/epi-s-para-trabalho-em-altura\/#Sinta-se_seguro_com_os_EPIs_da_Mundo_Linha_Viva\" title=\"Sinta-se seguro com os EPI&#8217;s da Mundo Linha Viva\">Sinta-se seguro com os EPI&#8217;s da Mundo Linha Viva<\/a><\/li><\/ul><\/nav><\/div>\n<h2 class=\"wp-block-heading\"><span class=\"ez-toc-section\" id=\"Principais_equipamentos_essenciais_para_trabalhos_em_altura\"><\/span><strong>Principais equipamentos essenciais para trabalhos em altura<\/strong><span class=\"ez-toc-section-end\"><\/span><\/h2>\n\n\n\n<h3 class=\"wp-block-heading has-text-align-center\"><span class=\"ez-toc-section\" id=\"Cintos_de_protecao\"><\/span>Cintos de prote\u00e7\u00e3o<span class=\"ez-toc-section-end\"><\/span><\/h3>\n\n\n<div class=\"wp-block-image\">\n<figure class=\"aligncenter size-full is-resized\"><img decoding=\"async\" loading=\"lazy\" src=\"https:\/\/www.mundolinhaviva.com.br\/blog\/wp-content\/uploads\/2023\/11\/Cinto-de-protecao.png\" alt=\"\" class=\"wp-image-2515\" width=\"92\" height=\"153\" srcset=\"https:\/\/www.mundolinhaviva.com.br\/blog\/wp-content\/uploads\/2023\/11\/Cinto-de-protecao.png 500w, https:\/\/www.mundolinhaviva.com.br\/blog\/wp-content\/uploads\/2023\/11\/Cinto-de-protecao-180x300.png 180w\" sizes=\"(max-width: 92px) 100vw, 92px\" \/><\/figure><\/div>\n\n\n<p>Os cintos de seguran\u00e7a s\u00e3o fundamentais para prevenir quedas durante o trabalho em altura. A Mundo Linha Viva oferece uma variedade de cintos robustos e ajust\u00e1veis, projetados para garantir conforto e seguran\u00e7a ao usu\u00e1rio.&nbsp;<\/p>\n\n\n\n<p>Com materiais resistentes e sistemas de fechamento eficientes, esses cintos s\u00e3o essenciais para qualquer profissional que execute tarefas em locais elevados.<\/p>\n\n\n\n<h3 class=\"wp-block-heading has-text-align-center\"><span class=\"ez-toc-section\" id=\"Talabartes\"><\/span>Talabartes<span class=\"ez-toc-section-end\"><\/span><\/h3>\n\n\n<div class=\"wp-block-image is-style-rounded\">\n<figure class=\"aligncenter size-full is-resized\"><img decoding=\"async\" loading=\"lazy\" src=\"https:\/\/www.mundolinhaviva.com.br\/blog\/wp-content\/uploads\/2023\/11\/talabarte-em-y.png\" alt=\"\" class=\"wp-image-2520\" width=\"110\" height=\"200\" srcset=\"https:\/\/www.mundolinhaviva.com.br\/blog\/wp-content\/uploads\/2023\/11\/talabarte-em-y.png 382w, https:\/\/www.mundolinhaviva.com.br\/blog\/wp-content\/uploads\/2023\/11\/talabarte-em-y-165x300.png 165w\" sizes=\"(max-width: 110px) 100vw, 110px\" \/><\/figure><\/div>\n\n\n<p>Os talabartes desempenham um papel crucial na seguran\u00e7a dos trabalhadores, permitindo a movimenta\u00e7\u00e3o controlada em alturas elevadas. Disponibilizamos talabartes de alta qualidade, com sistemas de absor\u00e7\u00e3o de energia que minimizam o impacto em caso de queda.&nbsp;<\/p>\n\n\n\n<p>Esses dispositivos oferecem uma conex\u00e3o segura entre o cinto de seguran\u00e7a e o ponto de ancoragem, proporcionando liberdade de movimento com m\u00e1xima prote\u00e7\u00e3o.<\/p>\n\n\n\n<h3 class=\"wp-block-heading\"><span class=\"ez-toc-section\" id=\"Capacete_de_seguranca\"><\/span>Capacete de seguran\u00e7a<span class=\"ez-toc-section-end\"><\/span><\/h3>\n\n\n<div class=\"wp-block-image\">\n<figure class=\"alignleft size-full is-resized\"><img decoding=\"async\" loading=\"lazy\" src=\"https:\/\/www.mundolinhaviva.com.br\/blog\/wp-content\/uploads\/2023\/12\/caneira-duraveis.jpg\" alt=\"Capacete de prote\u00e7\u00e3o\" class=\"wp-image-2509\" width=\"176\" height=\"154\"\/><\/figure><\/div>\n\n\n<p>O uso de capacetes de seguran\u00e7a \u00e9 indispens\u00e1vel em ambientes de trabalho em altura. Nossos capacetes s\u00e3o resistentes e confort\u00e1veis, projetados para proteger contra impactos e objetos que possam cair. Com ajustes precisos e sistemas de ventila\u00e7\u00e3o, esses capacetes proporcionam seguran\u00e7a sem comprometer o conforto do usu\u00e1rio.<\/p>\n\n\n\n<h3 class=\"wp-block-heading\"><span class=\"ez-toc-section\" id=\"Trava-quedas\"><\/span>Trava-quedas<span class=\"ez-toc-section-end\"><\/span><\/h3>\n\n\n<div class=\"wp-block-image\">\n<figure class=\"alignright size-full\"><img decoding=\"async\" loading=\"lazy\" width=\"247\" height=\"134\" src=\"https:\/\/www.mundolinhaviva.com.br\/blog\/wp-content\/uploads\/2023\/12\/trava-queda-corda-poliamida.png\" alt=\"Trava Queda\" class=\"wp-image-2510\"\/><\/figure><\/div>\n\n\n<p>Para uma prote\u00e7\u00e3o adicional contra quedas, os trava-quedas s\u00e3o essenciais. O trava queda \u2013 corda poliamida &#8211; 99 da Mundo Linha Viva, s\u00e3o projetados para interromper quedas de forma r\u00e1pida e eficaz. Esses dispositivos s\u00e3o uma adi\u00e7\u00e3o crucial ao kit de seguran\u00e7a para trabalhos em altura.<\/p>\n\n\n\n<h3 class=\"wp-block-heading\"><span class=\"ez-toc-section\" id=\"Luvas_de_protecao\"><\/span>Luvas de prote\u00e7\u00e3o<span class=\"ez-toc-section-end\"><\/span><\/h3>\n\n\n<div class=\"wp-block-image\">\n<figure class=\"alignleft size-full is-resized\"><img decoding=\"async\" loading=\"lazy\" src=\"https:\/\/www.mundolinhaviva.com.br\/blog\/wp-content\/uploads\/2023\/12\/luva-raspa-cano-curto-com-reforco-7-cm.jpg\" alt=\"Luva de raspa\" class=\"wp-image-2511\" width=\"235\" height=\"235\" srcset=\"https:\/\/www.mundolinhaviva.com.br\/blog\/wp-content\/uploads\/2023\/12\/luva-raspa-cano-curto-com-reforco-7-cm.jpg 300w, https:\/\/www.mundolinhaviva.com.br\/blog\/wp-content\/uploads\/2023\/12\/luva-raspa-cano-curto-com-reforco-7-cm-150x150.jpg 150w\" sizes=\"(max-width: 235px) 100vw, 235px\" \/><\/figure><\/div>\n\n\n<p>Al\u00e9m dos equipamentos espec\u00edficos para preven\u00e7\u00e3o de quedas, as luvas de prote\u00e7\u00e3o s\u00e3o itens essenciais para garantir a seguran\u00e7a das m\u00e3os dos trabalhadores.&nbsp;<\/p>\n\n\n\n<p>Disponibilizamos modelos variados, desde <a href=\"https:\/\/www.mundolinhaviva.com.br\/produtos\/equipamentos-de-protecao-individual\/luva-de-malha-equipamentos-epi\/luva-de-latex\/\" target=\"_blank\" rel=\"noreferrer noopener\">luvas de latex<\/a> a <a href=\"https:\/\/www.mundolinhaviva.com.br\/produtos\/equipamentos-de-protecao-individual\/luva-de-malha-equipamentos-epi\/luva-de-raspa\/\" target=\"_blank\" rel=\"noreferrer noopener\">luva de raspa<\/a>, projetados para proporcionar conforto e prote\u00e7\u00e3o contra diversos riscos presentes em ambientes de trabalho em altura. Nossas luvas s\u00e3o resistentes e ergon\u00f4micas, garantindo a agilidade e flexibilidade durante as atividades.<\/p>\n\n\n<div class=\"wp-block-image\">\n<figure class=\"aligncenter size-full is-resized\"><a href=\"https:\/\/www.mundolinhaviva.com.br\/produtos\/\" target=\"_blank\" rel=\"noreferrer noopener\"><img decoding=\"async\" loading=\"lazy\" src=\"https:\/\/www.mundolinhaviva.com.br\/blog\/wp-content\/uploads\/2023\/11\/cta-produtos-1.jpg\" alt=\"EPI's trabalho em altura\" class=\"wp-image-2409\" width=\"593\" height=\"158\" srcset=\"https:\/\/www.mundolinhaviva.com.br\/blog\/wp-content\/uploads\/2023\/11\/cta-produtos-1.jpg 750w, https:\/\/www.mundolinhaviva.com.br\/blog\/wp-content\/uploads\/2023\/11\/cta-produtos-1-300x80.jpg 300w\" sizes=\"(max-width: 593px) 100vw, 593px\" \/><\/a><\/figure><\/div>\n\n\n<p>Estamos comprometidos em fornecer solu\u00e7\u00f5es abrangentes para atender \u00e0s demandas espec\u00edficas do seu setor, promovendo um ambiente de trabalho seguro e eficiente.<\/p>\n\n\n\n<h2 class=\"wp-block-heading\"><span class=\"ez-toc-section\" id=\"Sinta-se_seguro_com_os_EPIs_da_Mundo_Linha_Viva\"><\/span><strong>Sinta-se seguro com os EPI&#8217;s da Mundo Linha Viva<\/strong><span class=\"ez-toc-section-end\"><\/span><\/h2>\n\n\n\n<p>A prioridade da Mundo Linha Viva \u00e9 garantir a seguran\u00e7a dos trabalhadores, proporcionando solu\u00e7\u00f5es que atendam aos mais altos padr\u00f5es de qualidade e conformidade. Ao escolher os nossos EPIs para trabalho em altura, os profissionais podem confiar na qualidade e efic\u00e1cia dos equipamentos fornecidos pela empresa.<\/p>\n\n\n\n<p class=\"has-text-align-center\"><strong>Visite o nosso blog completo<\/strong><\/p>\n\n\n<div class=\"wp-block-image\">\n<figure class=\"aligncenter size-full is-resized\"><img decoding=\"async\" loading=\"lazy\" src=\"https:\/\/www.mundolinhaviva.com.br\/blog\/wp-content\/uploads\/2023\/10\/logo.png\" alt=\"Mundo Linha Viva\" class=\"wp-image-2370\" width=\"168\" height=\"79\" srcset=\"https:\/\/www.mundolinhaviva.com.br\/blog\/wp-content\/uploads\/2023\/10\/logo.png 380w, https:\/\/www.mundolinhaviva.com.br\/blog\/wp-content\/uploads\/2023\/10\/logo-300x142.png 300w\" sizes=\"(max-width: 168px) 100vw, 168px\" \/><\/figure><\/div>\n\n\n<p>A Mundo Linha Viva se destaca como uma parceira confi\u00e1vel, fornecendo os melhores equipamentos de prote\u00e7\u00e3o individual para garantir a seguran\u00e7a em trabalhos em altura. Nosso compromisso \u00e9 com a sua satisfa\u00e7\u00e3o. Visite-nos e comprove! <a href=\"https:\/\/api.whatsapp.com\/send\/?phone=5511972467595&amp;text=Ol%C3%A1+vim+pelo+site&amp;type=phone_number&amp;app_absent=0\" target=\"_blank\" rel=\"noreferrer noopener\">Aguardamos seu contato<\/a>.<\/p>\n","protected":false},"excerpt":{"rendered":"<p><span class=\"rt-reading-time\" style=\"display: block;\"><span class=\"rt-label rt-prefix\">Tempo de leitura<\/span> <span class=\"rt-time\">4<\/span> <span class=\"rt-label rt-postfix\">minutos<\/span><\/span> Investir em EPI&#8217;s para trabalho em altura \u00e9 crucial para garantir a seguran\u00e7a e o bem-estar dos profissionais que enfrentam esses desafios. Trabalhos em altura apresentam riscos significativos e exigem precau\u00e7\u00f5es especiais para garantir a seguran\u00e7a dos trabalhadores. A Mundo Linha Viva, reconhecida por sua excel\u00eancia em equipamentos de prote\u00e7\u00e3o individual (EPI), oferece solu\u00e7\u00f5es para &hellip; <\/p>\n","protected":false},"author":2,"featured_media":2512,"comment_status":"closed","ping_status":"open","sticky":false,"template":"","format":"standard","meta":[],"categories":[595,37,276],"tags":[2749,2747,2748,2756,2757,2761,2762,2760,2763,2746,2745,2784,2774,2769,2775,2799,2789,2780,2768,2794,2801,2804,2795,2782,2773,2770,2776,2796,2787,2779,2767,2791,2800,2803,2792,2783,2777,2772,2778,2798,2790,2781,2771,2793,2802,2805,2797,2752,2744,2751,2750,2755,2753,2758,2754,2759,2766,2765,2764,2788,2785,2786],"yoast_head":"<!-- This site is optimized with the Yoast SEO plugin v21.5 - https:\/\/yoast.com\/wordpress\/plugins\/seo\/ -->\n<title>EPI&#039;s para trabalho em altura: conhe\u00e7a os equipamentos da Mundo Linha Viva<\/title>\n<meta name=\"description\" content=\"Saiba como investir em EPI&#039;s para trabalho em altura e garanta a seguran\u00e7a e o bem-estar dos profissionais que enfrentam esses desafios.\" \/>\n<meta name=\"robots\" content=\"noindex, follow, max-snippet:-1, max-image-preview:large, max-video-preview:-1\" \/>\n<meta property=\"og:locale\" content=\"pt_BR\" \/>\n<meta property=\"og:type\" content=\"article\" \/>\n<meta property=\"og:title\" content=\"EPI&#039;s para trabalho em altura: conhe\u00e7a os equipamentos da Mundo Linha Viva\" \/>\n<meta property=\"og:description\" content=\"Saiba como investir em EPI&#039;s para trabalho em altura e garanta a seguran\u00e7a e o bem-estar dos profissionais que enfrentam esses desafios.\" \/>\n<meta property=\"og:url\" content=\"https:\/\/www.mundolinhaviva.com.br\/blog\/epi-s-para-trabalho-em-altura\/\" \/>\n<meta property=\"og:site_name\" content=\"Mundo Linha Viva\" \/>\n<meta property=\"article:publisher\" content=\"https:\/\/www.facebook.com\/MUNDO-LINHA-VIVA-Equipamentos-de-seguran%c3%a7a-374736490015498\/?modal=admin_todo_tour\" \/>\n<meta property=\"article:published_time\" content=\"2023-11-09T17:23:00+00:00\" \/>\n<meta property=\"article:modified_time\" content=\"2023-12-15T18:43:07+00:00\" \/>\n<meta property=\"og:image\" content=\"https:\/\/www.mundolinhaviva.com.br\/blog\/wp-content\/uploads\/2023\/12\/trabalhador-de-montanhismo-industrial-paira-sobre-predio-residencial-1-scaled.jpg\" \/>\n\t<meta property=\"og:image:width\" content=\"2560\" \/>\n\t<meta property=\"og:image:height\" content=\"1707\" \/>\n\t<meta property=\"og:image:type\" content=\"image\/jpeg\" \/>\n<meta name=\"author\" content=\"Mundo Linha Viva\" \/>\n<meta name=\"twitter:card\" content=\"summary_large_image\" \/>\n<meta name=\"twitter:label1\" content=\"Escrito por\" \/>\n\t<meta name=\"twitter:data1\" content=\"Mundo Linha Viva\" \/>\n\t<meta name=\"twitter:label2\" content=\"Est. tempo de leitura\" \/>\n\t<meta name=\"twitter:data2\" content=\"5 minutos\" \/>\n<script type=\"application\/ld+json\" class=\"yoast-schema-graph\">{\"@context\":\"https:\/\/schema.org\",\"@graph\":[{\"@type\":\"Article\",\"@id\":\"https:\/\/www.mundolinhaviva.com.br\/blog\/epi-s-para-trabalho-em-altura\/#article\",\"isPartOf\":{\"@id\":\"https:\/\/www.mundolinhaviva.com.br\/blog\/epi-s-para-trabalho-em-altura\/\"},\"author\":{\"name\":\"Mundo Linha Viva\",\"@id\":\"https:\/\/www.mundolinhaviva.com.br\/blog\/#\/schema\/person\/7239328c4d8fdd191d00be520bd49ff0\"},\"headline\":\"EPI&#8217;s para trabalho em altura: conhe\u00e7a os equipamentos da Mundo Linha Viva\",\"datePublished\":\"2023-11-09T17:23:00+00:00\",\"dateModified\":\"2023-12-15T18:43:07+00:00\",\"mainEntityOfPage\":{\"@id\":\"https:\/\/www.mundolinhaviva.com.br\/blog\/epi-s-para-trabalho-em-altura\/\"},\"wordCount\":545,\"publisher\":{\"@id\":\"https:\/\/www.mundolinhaviva.com.br\/blog\/#organization\"},\"keywords\":[\"comprar EPI para trabalho em altura\",\"comprar EPI&#039;s para trabalho em altura\",\"comprar Equipamento de prote\u00e7\u00e3o individual para trabalho em altura\",\"distribuidor de EPI para trabalho em altura\",\"distribuidor de EPI&#039;s para trabalho em altura\",\"distribuidor de Equipamento de prote\u00e7\u00e3o individual para trabalho em altura\",\"distribuidora de EPI para trabalho em altura\",\"distribuidora de EPI&#039;s para trabalho em altura\",\"distribuidora de Equipamento de prote\u00e7\u00e3o individual para trabalho em altura\",\"empresa de EPI para trabalho em altura\",\"empresa de Equipamento de prote\u00e7\u00e3o individual para trabalho em altura\",\"EPI para trabalho em altura direto da fabrica\",\"EPI para trabalho em altura em s\u00e3o paulo\",\"EPI para trabalho em altura em sp\",\"EPI para trabalho em altura Itaquaquecetuba\",\"EPI para trabalho em altura Mogi das Cruzes\",\"EPI para trabalho em altura perto de mim\",\"EPI para trabalho em altura Po\u00e1\",\"EPI para trabalho em altura pre\u00e7o\",\"EPI para trabalho em altura pr\u00f3ximo a mim\",\"EPI para trabalho em altura S\u00e3o Paulo\",\"EPI para trabalho em altura Suzano\",\"EPI para trabalho em altura Zona Leste\",\"EPI&#039;s para trabalho em altura direto da fabrica\",\"EPI&#039;s para trabalho em altura em s\u00e3o paulo\",\"EPI&#039;s para trabalho em altura em sp\",\"EPI&#039;s para trabalho em altura Itaquaquecetuba\",\"EPI&#039;s para trabalho em altura Mogi das Cruzes\",\"EPI&#039;s para trabalho em altura perto de mim\",\"EPI&#039;s para trabalho em altura Po\u00e1\",\"EPI&#039;s para trabalho em altura pre\u00e7o\",\"EPI&#039;s para trabalho em altura pr\u00f3ximo a mim\",\"EPI&#039;s para trabalho em altura S\u00e3o Paulo\",\"EPI&#039;s para trabalho em altura Suzano\",\"EPI&#039;s para trabalho em altura Zona Leste\",\"Equipamento de prote\u00e7\u00e3o individual para trabalho em altura direto da fabrica\",\"Equipamento de prote\u00e7\u00e3o individual para trabalho em altura em s\u00e3o paulo\",\"Equipamento de prote\u00e7\u00e3o individual para trabalho em altura em sp\",\"Equipamento de prote\u00e7\u00e3o individual para trabalho em altura Itaquaquecetuba\",\"Equipamento de prote\u00e7\u00e3o individual para trabalho em altura Mogi das Cruzes\",\"Equipamento de prote\u00e7\u00e3o individual para trabalho em altura perto de mim\",\"Equipamento de prote\u00e7\u00e3o individual para trabalho em altura Po\u00e1\",\"Equipamento de prote\u00e7\u00e3o individual para trabalho em altura pre\u00e7o\",\"Equipamento de prote\u00e7\u00e3o individual para trabalho em altura pr\u00f3ximo a mim\",\"Equipamento de prote\u00e7\u00e3o individual para trabalho em altura S\u00e3o Paulo\",\"Equipamento de prote\u00e7\u00e3o individual para trabalho em altura Suzano\",\"Equipamento de prote\u00e7\u00e3o individual para trabalho em altura Zona Leste\",\"f\u00e1brica de EPI para trabalho em altura\",\"f\u00e1brica de EPI&#039;s para trabalho em altura\",\"f\u00e1brica de Equipamento de prote\u00e7\u00e3o individual para trabalho em altura\",\"fabricante de EPI para trabalho em altura\",\"fabricante de EPI&#039;s para trabalho em altura\",\"fabricante de Equipamento de prote\u00e7\u00e3o individual para trabalho em altura\",\"fornecedor de EPI para trabalho em altura\",\"fornecedor de EPI&#039;s para trabalho em altura\",\"fornecedor de Equipamento de prote\u00e7\u00e3o individual para trabalho em altura\",\"loja de EPI para trabalho em altura\",\"loja de EPI&#039;s para trabalho em altura\",\"loja de Equipamento de prote\u00e7\u00e3o individual para trabalho em altura\",\"servi\u00e7o de EPI para trabalho em altura\",\"servi\u00e7o de EPI&#039;s para trabalho em altura\",\"servi\u00e7o de Equipamento de prote\u00e7\u00e3o individual para trabalho em altura\"],\"articleSection\":[\"EPI\",\"Equipamentos EPI\",\"Trabalho em altura\"],\"inLanguage\":\"pt-BR\"},{\"@type\":\"WebPage\",\"@id\":\"https:\/\/www.mundolinhaviva.com.br\/blog\/epi-s-para-trabalho-em-altura\/\",\"url\":\"https:\/\/www.mundolinhaviva.com.br\/blog\/epi-s-para-trabalho-em-altura\/\",\"name\":\"EPI's para trabalho em altura: conhe\u00e7a os equipamentos da Mundo Linha Viva\",\"isPartOf\":{\"@id\":\"https:\/\/www.mundolinhaviva.com.br\/blog\/#website\"},\"datePublished\":\"2023-11-09T17:23:00+00:00\",\"dateModified\":\"2023-12-15T18:43:07+00:00\",\"description\":\"Saiba como investir em EPI's para trabalho em altura e garanta a seguran\u00e7a e o bem-estar dos profissionais que enfrentam esses desafios.\",\"breadcrumb\":{\"@id\":\"https:\/\/www.mundolinhaviva.com.br\/blog\/epi-s-para-trabalho-em-altura\/#breadcrumb\"},\"inLanguage\":\"pt-BR\",\"potentialAction\":[{\"@type\":\"ReadAction\",\"target\":[\"https:\/\/www.mundolinhaviva.com.br\/blog\/epi-s-para-trabalho-em-altura\/\"]}]},{\"@type\":\"BreadcrumbList\",\"@id\":\"https:\/\/www.mundolinhaviva.com.br\/blog\/epi-s-para-trabalho-em-altura\/#breadcrumb\",\"itemListElement\":[{\"@type\":\"ListItem\",\"position\":1,\"name\":\"Home\",\"item\":\"https:\/\/www.mundolinhaviva.com.br\/blog\/\"},{\"@type\":\"ListItem\",\"position\":2,\"name\":\"Trabalho em altura\",\"item\":\"https:\/\/www.mundolinhaviva.com.br\/blog\/trabalho-em-altura\/\"},{\"@type\":\"ListItem\",\"position\":3,\"name\":\"EPI&#8217;s para trabalho em altura: conhe\u00e7a os equipamentos da Mundo Linha Viva\"}]},{\"@type\":\"WebSite\",\"@id\":\"https:\/\/www.mundolinhaviva.com.br\/blog\/#website\",\"url\":\"https:\/\/www.mundolinhaviva.com.br\/blog\/\",\"name\":\"Mundo Linha Viva\",\"description\":\"Blog - Mundo Linha Viva\",\"publisher\":{\"@id\":\"https:\/\/www.mundolinhaviva.com.br\/blog\/#organization\"},\"potentialAction\":[{\"@type\":\"SearchAction\",\"target\":{\"@type\":\"EntryPoint\",\"urlTemplate\":\"https:\/\/www.mundolinhaviva.com.br\/blog\/?s={search_term_string}\"},\"query-input\":\"required name=search_term_string\"}],\"inLanguage\":\"pt-BR\"},{\"@type\":\"Organization\",\"@id\":\"https:\/\/www.mundolinhaviva.com.br\/blog\/#organization\",\"name\":\"Mundo Linha Viva\",\"url\":\"https:\/\/www.mundolinhaviva.com.br\/blog\/\",\"logo\":{\"@type\":\"ImageObject\",\"inLanguage\":\"pt-BR\",\"@id\":\"https:\/\/www.mundolinhaviva.com.br\/blog\/#\/schema\/logo\/image\/\",\"url\":\"https:\/\/www.mundolinhaviva.com.br\/site-22\/wp-content\/uploads\/2018\/11\/logo-mlv-1.png\",\"contentUrl\":\"https:\/\/www.mundolinhaviva.com.br\/site-22\/wp-content\/uploads\/2018\/11\/logo-mlv-1.png\",\"width\":259,\"height\":56,\"caption\":\"Mundo Linha Viva\"},\"image\":{\"@id\":\"https:\/\/www.mundolinhaviva.com.br\/blog\/#\/schema\/logo\/image\/\"},\"sameAs\":[\"https:\/\/www.facebook.com\/MUNDO-LINHA-VIVA-Equipamentos-de-seguran\u00e7a-374736490015498\/?modal=admin_todo_tour\"]},{\"@type\":\"Person\",\"@id\":\"https:\/\/www.mundolinhaviva.com.br\/blog\/#\/schema\/person\/7239328c4d8fdd191d00be520bd49ff0\",\"name\":\"Mundo Linha Viva\"}]}<\/script>\n<!-- \/ Yoast SEO plugin. -->","yoast_head_json":{"title":"EPI's para trabalho em altura: conhe\u00e7a os equipamentos da Mundo Linha Viva","description":"Saiba como investir em EPI's para trabalho em altura e garanta a seguran\u00e7a e o bem-estar dos profissionais que enfrentam esses desafios.","robots":{"index":"noindex","follow":"follow","max-snippet":"max-snippet:-1","max-image-preview":"max-image-preview:large","max-video-preview":"max-video-preview:-1"},"og_locale":"pt_BR","og_type":"article","og_title":"EPI's para trabalho em altura: conhe\u00e7a os equipamentos da Mundo Linha Viva","og_description":"Saiba como investir em EPI's para trabalho em altura e garanta a seguran\u00e7a e o bem-estar dos profissionais que enfrentam esses desafios.","og_url":"https:\/\/www.mundolinhaviva.com.br\/blog\/epi-s-para-trabalho-em-altura\/","og_site_name":"Mundo Linha Viva","article_publisher":"https:\/\/www.facebook.com\/MUNDO-LINHA-VIVA-Equipamentos-de-seguran%c3%a7a-374736490015498\/?modal=admin_todo_tour","article_published_time":"2023-11-09T17:23:00+00:00","article_modified_time":"2023-12-15T18:43:07+00:00","og_image":[{"width":2560,"height":1707,"url":"https:\/\/www.mundolinhaviva.com.br\/blog\/wp-content\/uploads\/2023\/12\/trabalhador-de-montanhismo-industrial-paira-sobre-predio-residencial-1-scaled.jpg","type":"image\/jpeg"}],"author":"Mundo Linha Viva","twitter_card":"summary_large_image","twitter_misc":{"Escrito por":"Mundo Linha Viva","Est. tempo de leitura":"5 minutos"},"schema":{"@context":"https:\/\/schema.org","@graph":[{"@type":"Article","@id":"https:\/\/www.mundolinhaviva.com.br\/blog\/epi-s-para-trabalho-em-altura\/#article","isPartOf":{"@id":"https:\/\/www.mundolinhaviva.com.br\/blog\/epi-s-para-trabalho-em-altura\/"},"author":{"name":"Mundo Linha Viva","@id":"https:\/\/www.mundolinhaviva.com.br\/blog\/#\/schema\/person\/7239328c4d8fdd191d00be520bd49ff0"},"headline":"EPI&#8217;s para trabalho em altura: conhe\u00e7a os equipamentos da Mundo Linha Viva","datePublished":"2023-11-09T17:23:00+00:00","dateModified":"2023-12-15T18:43:07+00:00","mainEntityOfPage":{"@id":"https:\/\/www.mundolinhaviva.com.br\/blog\/epi-s-para-trabalho-em-altura\/"},"wordCount":545,"publisher":{"@id":"https:\/\/www.mundolinhaviva.com.br\/blog\/#organization"},"keywords":["comprar EPI para trabalho em altura","comprar EPI&#039;s para trabalho em altura","comprar Equipamento de prote\u00e7\u00e3o individual para trabalho em altura","distribuidor de EPI para trabalho em altura","distribuidor de EPI&#039;s para trabalho em altura","distribuidor de Equipamento de prote\u00e7\u00e3o individual para trabalho em altura","distribuidora de EPI para trabalho em altura","distribuidora de EPI&#039;s para trabalho em altura","distribuidora de Equipamento de prote\u00e7\u00e3o individual para trabalho em altura","empresa de EPI para trabalho em altura","empresa de Equipamento de prote\u00e7\u00e3o individual para trabalho em altura","EPI para trabalho em altura direto da fabrica","EPI para trabalho em altura em s\u00e3o paulo","EPI para trabalho em altura em sp","EPI para trabalho em altura Itaquaquecetuba","EPI para trabalho em altura Mogi das Cruzes","EPI para trabalho em altura perto de mim","EPI para trabalho em altura Po\u00e1","EPI para trabalho em altura pre\u00e7o","EPI para trabalho em altura pr\u00f3ximo a mim","EPI para trabalho em altura S\u00e3o Paulo","EPI para trabalho em altura Suzano","EPI para trabalho em altura Zona Leste","EPI&#039;s para trabalho em altura direto da fabrica","EPI&#039;s para trabalho em altura em s\u00e3o paulo","EPI&#039;s para trabalho em altura em sp","EPI&#039;s para trabalho em altura Itaquaquecetuba","EPI&#039;s para trabalho em altura Mogi das Cruzes","EPI&#039;s para trabalho em altura perto de mim","EPI&#039;s para trabalho em altura Po\u00e1","EPI&#039;s para trabalho em altura pre\u00e7o","EPI&#039;s para trabalho em altura pr\u00f3ximo a mim","EPI&#039;s para trabalho em altura S\u00e3o Paulo","EPI&#039;s para trabalho em altura Suzano","EPI&#039;s para trabalho em altura Zona Leste","Equipamento de prote\u00e7\u00e3o individual para trabalho em altura direto da fabrica","Equipamento de prote\u00e7\u00e3o individual para trabalho em altura em s\u00e3o paulo","Equipamento de prote\u00e7\u00e3o individual para trabalho em altura em sp","Equipamento de prote\u00e7\u00e3o individual para trabalho em altura Itaquaquecetuba","Equipamento de prote\u00e7\u00e3o individual para trabalho em altura Mogi das Cruzes","Equipamento de prote\u00e7\u00e3o individual para trabalho em altura perto de mim","Equipamento de prote\u00e7\u00e3o individual para trabalho em altura Po\u00e1","Equipamento de prote\u00e7\u00e3o individual para trabalho em altura pre\u00e7o","Equipamento de prote\u00e7\u00e3o individual para trabalho em altura pr\u00f3ximo a mim","Equipamento de prote\u00e7\u00e3o individual para trabalho em altura S\u00e3o Paulo","Equipamento de prote\u00e7\u00e3o individual para trabalho em altura Suzano","Equipamento de prote\u00e7\u00e3o individual para trabalho em altura Zona Leste","f\u00e1brica de EPI para trabalho em altura","f\u00e1brica de EPI&#039;s para trabalho em altura","f\u00e1brica de Equipamento de prote\u00e7\u00e3o individual para trabalho em altura","fabricante de EPI para trabalho em altura","fabricante de EPI&#039;s para trabalho em altura","fabricante de Equipamento de prote\u00e7\u00e3o individual para trabalho em altura","fornecedor de EPI para trabalho em altura","fornecedor de EPI&#039;s para trabalho em altura","fornecedor de Equipamento de prote\u00e7\u00e3o individual para trabalho em altura","loja de EPI para trabalho em altura","loja de EPI&#039;s para trabalho em altura","loja de Equipamento de prote\u00e7\u00e3o individual para trabalho em altura","servi\u00e7o de EPI para trabalho em altura","servi\u00e7o de EPI&#039;s para trabalho em altura","servi\u00e7o de Equipamento de prote\u00e7\u00e3o individual para trabalho em altura"],"articleSection":["EPI","Equipamentos EPI","Trabalho em altura"],"inLanguage":"pt-BR"},{"@type":"WebPage","@id":"https:\/\/www.mundolinhaviva.com.br\/blog\/epi-s-para-trabalho-em-altura\/","url":"https:\/\/www.mundolinhaviva.com.br\/blog\/epi-s-para-trabalho-em-altura\/","name":"EPI's para trabalho em altura: conhe\u00e7a os equipamentos da Mundo Linha Viva","isPartOf":{"@id":"https:\/\/www.mundolinhaviva.com.br\/blog\/#website"},"datePublished":"2023-11-09T17:23:00+00:00","dateModified":"2023-12-15T18:43:07+00:00","description":"Saiba como investir em EPI's para trabalho em altura e garanta a seguran\u00e7a e o bem-estar dos profissionais que enfrentam esses desafios.","breadcrumb":{"@id":"https:\/\/www.mundolinhaviva.com.br\/blog\/epi-s-para-trabalho-em-altura\/#breadcrumb"},"inLanguage":"pt-BR","potentialAction":[{"@type":"ReadAction","target":["https:\/\/www.mundolinhaviva.com.br\/blog\/epi-s-para-trabalho-em-altura\/"]}]},{"@type":"BreadcrumbList","@id":"https:\/\/www.mundolinhaviva.com.br\/blog\/epi-s-para-trabalho-em-altura\/#breadcrumb","itemListElement":[{"@type":"ListItem","position":1,"name":"Home","item":"https:\/\/www.mundolinhaviva.com.br\/blog\/"},{"@type":"ListItem","position":2,"name":"Trabalho em altura","item":"https:\/\/www.mundolinhaviva.com.br\/blog\/trabalho-em-altura\/"},{"@type":"ListItem","position":3,"name":"EPI&#8217;s para trabalho em altura: conhe\u00e7a os equipamentos da Mundo Linha Viva"}]},{"@type":"WebSite","@id":"https:\/\/www.mundolinhaviva.com.br\/blog\/#website","url":"https:\/\/www.mundolinhaviva.com.br\/blog\/","name":"Mundo Linha Viva","description":"Blog - Mundo Linha Viva","publisher":{"@id":"https:\/\/www.mundolinhaviva.com.br\/blog\/#organization"},"potentialAction":[{"@type":"SearchAction","target":{"@type":"EntryPoint","urlTemplate":"https:\/\/www.mundolinhaviva.com.br\/blog\/?s={search_term_string}"},"query-input":"required name=search_term_string"}],"inLanguage":"pt-BR"},{"@type":"Organization","@id":"https:\/\/www.mundolinhaviva.com.br\/blog\/#organization","name":"Mundo Linha Viva","url":"https:\/\/www.mundolinhaviva.com.br\/blog\/","logo":{"@type":"ImageObject","inLanguage":"pt-BR","@id":"https:\/\/www.mundolinhaviva.com.br\/blog\/#\/schema\/logo\/image\/","url":"https:\/\/www.mundolinhaviva.com.br\/site-22\/wp-content\/uploads\/2018\/11\/logo-mlv-1.png","contentUrl":"https:\/\/www.mundolinhaviva.com.br\/site-22\/wp-content\/uploads\/2018\/11\/logo-mlv-1.png","width":259,"height":56,"caption":"Mundo Linha Viva"},"image":{"@id":"https:\/\/www.mundolinhaviva.com.br\/blog\/#\/schema\/logo\/image\/"},"sameAs":["https:\/\/www.facebook.com\/MUNDO-LINHA-VIVA-Equipamentos-de-seguran\u00e7a-374736490015498\/?modal=admin_todo_tour"]},{"@type":"Person","@id":"https:\/\/www.mundolinhaviva.com.br\/blog\/#\/schema\/person\/7239328c4d8fdd191d00be520bd49ff0","name":"Mundo Linha Viva"}]}},"_links":{"self":[{"href":"https:\/\/www.mundolinhaviva.com.br\/blog\/wp-json\/wp\/v2\/posts\/2507"}],"collection":[{"href":"https:\/\/www.mundolinhaviva.com.br\/blog\/wp-json\/wp\/v2\/posts"}],"about":[{"href":"https:\/\/www.mundolinhaviva.com.br\/blog\/wp-json\/wp\/v2\/types\/post"}],"author":[{"embeddable":true,"href":"https:\/\/www.mundolinhaviva.com.br\/blog\/wp-json\/wp\/v2\/users\/2"}],"replies":[{"embeddable":true,"href":"https:\/\/www.mundolinhaviva.com.br\/blog\/wp-json\/wp\/v2\/comments?post=2507"}],"version-history":[{"count":12,"href":"https:\/\/www.mundolinhaviva.com.br\/blog\/wp-json\/wp\/v2\/posts\/2507\/revisions"}],"predecessor-version":[{"id":2534,"href":"https:\/\/www.mundolinhaviva.com.br\/blog\/wp-json\/wp\/v2\/posts\/2507\/revisions\/2534"}],"wp:featuredmedia":[{"embeddable":true,"href":"https:\/\/www.mundolinhaviva.com.br\/blog\/wp-json\/wp\/v2\/media\/2512"}],"wp:attachment":[{"href":"https:\/\/www.mundolinhaviva.com.br\/blog\/wp-json\/wp\/v2\/media?parent=2507"}],"wp:term":[{"taxonomy":"category","embeddable":true,"href":"https:\/\/www.mundolinhaviva.com.br\/blog\/wp-json\/wp\/v2\/categories?post=2507"},{"taxonomy":"post_tag","embeddable":true,"href":"https:\/\/www.mundolinhaviva.com.br\/blog\/wp-json\/wp\/v2\/tags?post=2507"}],"curies":[{"name":"wp","href":"https:\/\/api.w.org\/{rel}","templated":true}]}}