{"id":2609,"date":"2024-02-16T12:17:35","date_gmt":"2024-02-16T15:17:35","guid":{"rendered":"https:\/\/www.mundolinhaviva.com.br\/blog\/?p=2609"},"modified":"2024-02-16T12:24:42","modified_gmt":"2024-02-16T15:24:42","slug":"carneira-para-capacete-conheca-as-particularidades","status":"publish","type":"post","link":"https:\/\/www.mundolinhaviva.com.br\/blog\/carneira-para-capacete-conheca-as-particularidades\/","title":{"rendered":"Carneira para capacete: Potencializando a seguran\u00e7a individual"},"content":{"rendered":"<span class=\"rt-reading-time\" style=\"display: block;\"><span class=\"rt-label rt-prefix\">Tempo de leitura<\/span> <span class=\"rt-time\">6<\/span> <span class=\"rt-label rt-postfix\">minutos<\/span><\/span>\n<p><\/p>\n\n\n\n<p><strong><em>Quer conhecer as principais caracter\u00edsticas da carneira para capacete e ainda adquirir condi\u00e7\u00f5es especiais na ades\u00e3o deste componente? Continue lendo!<\/em><\/strong><\/p>\n\n\n\n<p>A seguran\u00e7a no ambiente de trabalho \u00e9 uma preocupa\u00e7\u00e3o constante em diversos setores da ind\u00fastria e da constru\u00e7\u00e3o civil.<\/p>\n\n\n\n<p>Entre os Equipamentos de Prote\u00e7\u00e3o Individual (EPIs) essenciais, o capacete se destaca como um item fundamental para prevenir acidentes e garantir a integridade f\u00edsica dos trabalhadores.<\/p>\n\n\n\n<p>E dentro desse contexto, um componente muitas vezes negligenciado, mas de extrema import\u00e2ncia, \u00e9 a carneira para capacete.<\/p>\n\n\n\n<div id=\"ez-toc-container\" class=\"ez-toc-v2_0_62 counter-hierarchy ez-toc-counter ez-toc-white ez-toc-container-direction\">\n<div class=\"ez-toc-title-container\">\n<p class=\"ez-toc-title \" >O que abordaremos neste artigo:<\/p>\n<span class=\"ez-toc-title-toggle\"><a href=\"#\" class=\"ez-toc-pull-right ez-toc-btn ez-toc-btn-xs ez-toc-btn-default ez-toc-toggle\" aria-label=\"Toggle Table of Content\"><span class=\"ez-toc-js-icon-con\"><span class=\"\"><span class=\"eztoc-hide\" style=\"display:none;\">Toggle<\/span><span class=\"ez-toc-icon-toggle-span\"><svg style=\"fill: #999;color:#999\" xmlns=\"http:\/\/www.w3.org\/2000\/svg\" class=\"list-377408\" width=\"20px\" height=\"20px\" viewBox=\"0 0 24 24\" fill=\"none\"><path d=\"M6 6H4v2h2V6zm14 0H8v2h12V6zM4 11h2v2H4v-2zm16 0H8v2h12v-2zM4 16h2v2H4v-2zm16 0H8v2h12v-2z\" fill=\"currentColor\"><\/path><\/svg><svg style=\"fill: #999;color:#999\" class=\"arrow-unsorted-368013\" xmlns=\"http:\/\/www.w3.org\/2000\/svg\" width=\"10px\" height=\"10px\" viewBox=\"0 0 24 24\" version=\"1.2\" baseProfile=\"tiny\"><path d=\"M18.2 9.3l-6.2-6.3-6.2 6.3c-.2.2-.3.4-.3.7s.1.5.3.7c.2.2.4.3.7.3h11c.3 0 .5-.1.7-.3.2-.2.3-.5.3-.7s-.1-.5-.3-.7zM5.8 14.7l6.2 6.3 6.2-6.3c.2-.2.3-.5.3-.7s-.1-.5-.3-.7c-.2-.2-.4-.3-.7-.3h-11c-.3 0-.5.1-.7.3-.2.2-.3.5-.3.7s.1.5.3.7z\"\/><\/svg><\/span><\/span><\/span><\/a><\/span><\/div>\n<nav><ul class='ez-toc-list ez-toc-list-level-1 ' ><li class='ez-toc-page-1 ez-toc-heading-level-2'><a class=\"ez-toc-link ez-toc-heading-1\" href=\"https:\/\/www.mundolinhaviva.com.br\/blog\/carneira-para-capacete-conheca-as-particularidades\/#O_que_e_a_carneira_do_capacete\" title=\"O que \u00e9 a carneira do capacete?\">O que \u00e9 a carneira do capacete?<\/a><\/li><li class='ez-toc-page-1 ez-toc-heading-level-2'><a class=\"ez-toc-link ez-toc-heading-2\" href=\"https:\/\/www.mundolinhaviva.com.br\/blog\/carneira-para-capacete-conheca-as-particularidades\/#Qual_o_tamanho_de_uma_carneira\" title=\"Qual o tamanho de uma carneira?\">Qual o tamanho de uma carneira?<\/a><\/li><li class='ez-toc-page-1 ez-toc-heading-level-2'><a class=\"ez-toc-link ez-toc-heading-3\" href=\"https:\/\/www.mundolinhaviva.com.br\/blog\/carneira-para-capacete-conheca-as-particularidades\/#Quais_sao_as_aplicacoes_das_carneiras_para_capacete\" title=\"Quais s\u00e3o as aplica\u00e7\u00f5es das carneiras para capacete?\">Quais s\u00e3o as aplica\u00e7\u00f5es das carneiras para capacete?<\/a><\/li><li class='ez-toc-page-1 ez-toc-heading-level-2'><a class=\"ez-toc-link ez-toc-heading-4\" href=\"https:\/\/www.mundolinhaviva.com.br\/blog\/carneira-para-capacete-conheca-as-particularidades\/#Veja_os_5_principais_beneficios_da_carneira_para_capacete\" title=\"Veja os 5 principais benef\u00edcios da carneira para capacete\">Veja os 5 principais benef\u00edcios da carneira para capacete<\/a><\/li><li class='ez-toc-page-1 ez-toc-heading-level-2'><a class=\"ez-toc-link ez-toc-heading-5\" href=\"https:\/\/www.mundolinhaviva.com.br\/blog\/carneira-para-capacete-conheca-as-particularidades\/#Tipos_de_carneiras_para_capacete\" title=\"Tipos de carneiras para capacete\">Tipos de carneiras para capacete<\/a><\/li><li class='ez-toc-page-1 ez-toc-heading-level-2'><a class=\"ez-toc-link ez-toc-heading-6\" href=\"https:\/\/www.mundolinhaviva.com.br\/blog\/carneira-para-capacete-conheca-as-particularidades\/#A_importancia_de_escolher_um_bom_fornecedor_de_carneira_para_capacete\" title=\"A import\u00e2ncia de escolher um bom fornecedor de carneira para capacete\">A import\u00e2ncia de escolher um bom fornecedor de carneira para capacete<\/a><\/li><li class='ez-toc-page-1 ez-toc-heading-level-2'><a class=\"ez-toc-link ez-toc-heading-7\" href=\"https:\/\/www.mundolinhaviva.com.br\/blog\/carneira-para-capacete-conheca-as-particularidades\/#Onde_comprar_carneira_para_capacete_em_Sao_Paulo_Conheca_o_Mundo_Linha_Viva\" title=\"Onde comprar carneira para capacete em S\u00e3o Paulo? Conhe\u00e7a o Mundo Linha Viva!\">Onde comprar carneira para capacete em S\u00e3o Paulo? Conhe\u00e7a o Mundo Linha Viva!<\/a><\/li><\/ul><\/nav><\/div>\n<h2 class=\"wp-block-heading\"><span class=\"ez-toc-section\" id=\"O_que_e_a_carneira_do_capacete\"><\/span>O que \u00e9 a carneira do capacete?<span class=\"ez-toc-section-end\"><\/span><\/h2>\n\n\n\n<p>A carneira <strong>\u00e9 uma parte interna do capacete, respons\u00e1vel por proporcionar ajuste e conforto \u00e0 cabe\u00e7a do usu\u00e1rio<\/strong>.<\/p>\n\n\n\n<p>Geralmente feita de materiais resistentes e acolchoados, como pl\u00e1stico, pol\u00edmeros ou tecidos especiais, a carneira \u00e9 fixada no interior do capacete e ajustada de acordo com o tamanho da cabe\u00e7a do usu\u00e1rio.<\/p>\n\n\n\n<h2 class=\"wp-block-heading\"><span class=\"ez-toc-section\" id=\"Qual_o_tamanho_de_uma_carneira\"><\/span>Qual o tamanho de uma carneira?<span class=\"ez-toc-section-end\"><\/span><\/h2>\n\n\n<div class=\"wp-block-image is-style-rounded\">\n<figure class=\"alignright size-full is-resized\"><img decoding=\"async\" loading=\"lazy\" src=\"https:\/\/www.mundolinhaviva.com.br\/blog\/wp-content\/uploads\/2024\/02\/carneira-2.jpg\" alt=\"Carneira para capacete\" class=\"wp-image-2611\" width=\"236\" height=\"135\" srcset=\"https:\/\/www.mundolinhaviva.com.br\/blog\/wp-content\/uploads\/2024\/02\/carneira-2.jpg 740w, https:\/\/www.mundolinhaviva.com.br\/blog\/wp-content\/uploads\/2024\/02\/carneira-2-300x171.jpg 300w\" sizes=\"(max-width: 236px) 100vw, 236px\" \/><\/figure><\/div>\n\n\n<p>As carneiras para capacete s\u00e3o produzidas em uma variedade de tamanhos para atender \u00e0s diversas medidas de cabe\u00e7a dos trabalhadores. Essa adaptabilidade permite ajustes precisos, assegurando um encaixe perfeito e confort\u00e1vel durante o uso do capacete.<\/p>\n\n\n\n<p>Esse cuidado com o ajuste n\u00e3o apenas garante a seguran\u00e7a do usu\u00e1rio, mas tamb\u00e9m proporciona maior conforto, reduzindo a fadiga e aumentando a efici\u00eancia no trabalho.<\/p>\n\n\n\n<p>Assim, independentemente das dimens\u00f5es da cabe\u00e7a do usu\u00e1rio, \u00e9 poss\u00edvel encontrar uma carneira adequada, garantindo prote\u00e7\u00e3o e bem-estar em todas as atividades laborais.<\/p>\n\n\n\n<h2 class=\"wp-block-heading\"><span class=\"ez-toc-section\" id=\"Quais_sao_as_aplicacoes_das_carneiras_para_capacete\"><\/span>Quais s\u00e3o as aplica\u00e7\u00f5es das carneiras para capacete?<span class=\"ez-toc-section-end\"><\/span><\/h2>\n\n\n\n<p>As carneiras para capacete t\u00eam uma ampla variedade de aplica\u00e7\u00f5es em diferentes setores e ambientes de trabalho.<\/p>\n\n\n\n<p>Elas s\u00e3o essenciais em ind\u00fastrias de constru\u00e7\u00e3o civil, sider\u00fargicas, petroqu\u00edmicas, entre outras, onde h\u00e1 riscos de quedas de objetos ou impactos na cabe\u00e7a dos trabalhadores.<\/p>\n\n\n\n<p>Ainda por cima, s\u00e3o utilizadas em atividades como montagem e manuten\u00e7\u00e3o industrial, servi\u00e7os de eletricidade, trabalhos em altura, entre outros. Em ambientes hospitalares e laboratoriais, tamb\u00e9m s\u00e3o empregadas para garantir a seguran\u00e7a dos profissionais de sa\u00fade contra poss\u00edveis les\u00f5es na cabe\u00e7a.<\/p>\n\n\n<div class=\"wp-block-image\">\n<figure class=\"aligncenter size-full is-resized\"><a href=\"https:\/\/www.mundolinhavivaloja.com.br\/\"><img decoding=\"async\" loading=\"lazy\" src=\"https:\/\/www.mundolinhaviva.com.br\/blog\/wp-content\/uploads\/2023\/11\/cta-produtos.jpeg\" alt=\"\" class=\"wp-image-2460\" width=\"544\" height=\"145\" srcset=\"https:\/\/www.mundolinhaviva.com.br\/blog\/wp-content\/uploads\/2023\/11\/cta-produtos.jpeg 750w, https:\/\/www.mundolinhaviva.com.br\/blog\/wp-content\/uploads\/2023\/11\/cta-produtos-300x80.jpeg 300w\" sizes=\"(max-width: 544px) 100vw, 544px\" \/><\/a><\/figure><\/div>\n\n\n<h2 class=\"wp-block-heading\"><span class=\"ez-toc-section\" id=\"Veja_os_5_principais_beneficios_da_carneira_para_capacete\"><\/span>Veja os 5 principais benef\u00edcios da carneira para capacete<span class=\"ez-toc-section-end\"><\/span><\/h2>\n\n\n\n<p>A carneira para capacete oferece uma s\u00e9rie de benef\u00edcios essenciais para a seguran\u00e7a e o conforto dos trabalhadores em diversos ambientes. Cinco dos principais s\u00e3o:<\/p>\n\n\n\n<ol>\n<li><strong>Ajuste personalizado<\/strong>: A capacidade de ajustar a carneira para se adequar perfeitamente \u00e0 cabe\u00e7a do usu\u00e1rio garante um encaixe seguro e confort\u00e1vel, independentemente do tamanho da cabe\u00e7a;<\/li>\n<\/ol>\n\n\n\n<ol start=\"2\">\n<li><strong>Prote\u00e7\u00e3o contra impactos<\/strong>: A carneira ajuda a absorver e distribuir uniformemente os impactos sobre a cabe\u00e7a, reduzindo o risco de les\u00f5es graves em caso de acidentes;<\/li>\n<\/ol>\n\n\n\n<ol start=\"3\">\n<li><strong>Redu\u00e7\u00e3o da fadiga:<\/strong> Um encaixe adequado e confort\u00e1vel proporcionado pela carneira contribui para reduzir a fadiga do usu\u00e1rio durante longas jornadas de trabalho, aumentando a produtividade;<\/li>\n<\/ol>\n\n\n\n<ol start=\"4\">\n<li><strong>Estabilidade do capacete<\/strong>: A fixa\u00e7\u00e3o correta da carneira dentro do capacete garante que o equipamento permane\u00e7a est\u00e1vel e seguro na cabe\u00e7a do usu\u00e1rio, mesmo em ambientes adversos;<\/li>\n<\/ol>\n\n\n\n<ol start=\"5\">\n<li><strong>Conforto durante o uso<\/strong>: Al\u00e9m de oferecer prote\u00e7\u00e3o, a carneira proporciona conforto ao usu\u00e1rio, tornando mais suport\u00e1vel o uso prolongado do capacete ao longo do dia.<\/li>\n<\/ol>\n\n\n\n<p>Muito bom, n\u00e3o \u00e9 mesmo?<\/p>\n\n\n\n<h2 class=\"wp-block-heading\"><span class=\"ez-toc-section\" id=\"Tipos_de_carneiras_para_capacete\"><\/span>Tipos de carneiras para capacete<span class=\"ez-toc-section-end\"><\/span><\/h2>\n\n\n\n<figure class=\"wp-block-gallery has-nested-images columns-default is-cropped wp-block-gallery-1 is-layout-flex\">\n<figure class=\"wp-block-image size-large\"><img decoding=\"async\" loading=\"lazy\" width=\"353\" height=\"283\" data-id=\"2612\"  src=\"https:\/\/www.mundolinhaviva.com.br\/blog\/wp-content\/uploads\/2024\/02\/carneira-3.jpg\" alt=\"Carneira para capacete\" class=\"wp-image-2612\" srcset=\"https:\/\/www.mundolinhaviva.com.br\/blog\/wp-content\/uploads\/2024\/02\/carneira-3.jpg 353w, https:\/\/www.mundolinhaviva.com.br\/blog\/wp-content\/uploads\/2024\/02\/carneira-3-300x241.jpg 300w\" sizes=\"(max-width: 353px) 100vw, 353px\" \/><\/figure>\n\n\n\n<figure class=\"wp-block-image size-large\"><img decoding=\"async\" loading=\"lazy\" width=\"1000\" height=\"1000\" data-id=\"2613\"  src=\"https:\/\/www.mundolinhaviva.com.br\/blog\/wp-content\/uploads\/2024\/02\/carneira-4.jpg\" alt=\"Carneira para capacete\" class=\"wp-image-2613\" srcset=\"https:\/\/www.mundolinhaviva.com.br\/blog\/wp-content\/uploads\/2024\/02\/carneira-4.jpg 1000w, https:\/\/www.mundolinhaviva.com.br\/blog\/wp-content\/uploads\/2024\/02\/carneira-4-300x300.jpg 300w, https:\/\/www.mundolinhaviva.com.br\/blog\/wp-content\/uploads\/2024\/02\/carneira-4-150x150.jpg 150w, https:\/\/www.mundolinhaviva.com.br\/blog\/wp-content\/uploads\/2024\/02\/carneira-4-768x768.jpg 768w\" sizes=\"(max-width: 1000px) 100vw, 1000px\" \/><\/figure>\n\n\n\n<figure class=\"wp-block-image size-large\"><img decoding=\"async\" loading=\"lazy\" width=\"260\" height=\"228\" data-id=\"2614\"  src=\"https:\/\/www.mundolinhaviva.com.br\/blog\/wp-content\/uploads\/2024\/02\/carneira-5.jpg\" alt=\"Carneira para capacete\" class=\"wp-image-2614\"\/><\/figure>\n<\/figure>\n\n\n\n<p>As carneiras para capacete apresentam uma variedade de tipos no mercado, cada uma com atributos distintos para atender \u00e0s necessidades espec\u00edficas dos usu\u00e1rios.<\/p>\n\n\n\n<p>A <a href=\"https:\/\/www.mundolinhaviva.com.br\/produtos\/equipamentos-de-protecao-individual\/capacetes-de-protecao\/carneira-camper\/\">Carneira Camper<\/a>, por exemplo, destaca-se por sua durabilidade excepcional e resist\u00eancia, sendo uma escolha popular para ambientes de trabalho exigentes. Por outro lado, a <a href=\"https:\/\/www.mundolinhaviva.com.br\/produtos\/equipamentos-de-protecao-individual\/capacetes-de-protecao\/carneira-msa\/\">Carneira MSA<\/a> \u00e9 reconhecida por seu ajuste preciso e conforto, proporcionando uma experi\u00eancia de uso agrad\u00e1vel durante longos per\u00edodos.<\/p>\n\n\n\n<p>Independentemente da escolha, garantir a adequa\u00e7\u00e3o da carneira ao ambiente e \u00e0s atividades desempenhadas \u00e9 fundamental para garantir o bem-estar do usu\u00e1rio.<\/p>\n\n\n\n<h2 class=\"wp-block-heading\"><span class=\"ez-toc-section\" id=\"A_importancia_de_escolher_um_bom_fornecedor_de_carneira_para_capacete\"><\/span>A import\u00e2ncia de escolher um bom fornecedor de carneira para capacete<span class=\"ez-toc-section-end\"><\/span><\/h2>\n\n\n\n<p>Escolher um fornecedor confi\u00e1vel de carneiras para capacete \u00e9 crucial para garantir a seguran\u00e7a e a qualidade dos equipamentos de prote\u00e7\u00e3o individual.<\/p>\n\n\n\n<p>Um bom fornecedor oferece produtos fabricados com materiais resistentes e dur\u00e1veis, que atendem aos padr\u00f5es de seguran\u00e7a exigidos. Al\u00e9m disso, distribuidores de renome geralmente oferecem garantias de qualidade e suporte t\u00e9cnico adequado, proporcionando tranquilidade aos clientes.<\/p>\n\n\n\n<p>Ao optar por um fornecedor confi\u00e1vel, as empresas podem ter certeza de que est\u00e3o investindo em produtos que proteger\u00e3o seus funcion\u00e1rios de maneira eficaz, contribuindo para a redu\u00e7\u00e3o de acidentes e les\u00f5es no local de trabalho.<\/p>\n\n\n\n<h2 class=\"wp-block-heading\"><span class=\"ez-toc-section\" id=\"Onde_comprar_carneira_para_capacete_em_Sao_Paulo_Conheca_o_Mundo_Linha_Viva\"><\/span>Onde comprar carneira para capacete em S\u00e3o Paulo? Conhe\u00e7a o Mundo Linha Viva!<span class=\"ez-toc-section-end\"><\/span><\/h2>\n\n\n<div class=\"wp-block-image is-style-rounded\">\n<figure class=\"alignright size-full is-resized\"><img decoding=\"async\" loading=\"lazy\" src=\"https:\/\/www.mundolinhaviva.com.br\/blog\/wp-content\/uploads\/2023\/11\/EPI-4.jpg\" alt=\"Carneira para capacete\" class=\"wp-image-2406\" width=\"223\" height=\"149\" srcset=\"https:\/\/www.mundolinhaviva.com.br\/blog\/wp-content\/uploads\/2023\/11\/EPI-4.jpg 740w, https:\/\/www.mundolinhaviva.com.br\/blog\/wp-content\/uploads\/2023\/11\/EPI-4-300x200.jpg 300w\" sizes=\"(max-width: 223px) 100vw, 223px\" \/><\/figure><\/div>\n\n\n<p>Procurando onde comprar carneira para capacete em S\u00e3o Paulo? Conhe\u00e7a o <a href=\"https:\/\/www.mundolinhaviva.com.br\/empresa\/\">Mundo Linha Viva<\/a>!<\/p>\n\n\n\n<p>Como especialistas na distribui\u00e7\u00e3o de Equipamentos de Prote\u00e7\u00e3o Individual, Uniformes Profissionais e Ferramentas, oferecemos uma ampla variedade de carneiras das melhores marcas do mercado.<\/p>\n\n\n\n<p>Nosso compromisso com o atendimento personalizado nos tornou refer\u00eancia no segmento.<\/p>\n\n\n\n<p>Nossos consultores comerciais s\u00e3o treinados para solucionar todas as suas d\u00favidas, garantindo a satisfa\u00e7\u00e3o e seguran\u00e7a dos clientes. Al\u00e9m disso, nossa <a href=\"https:\/\/www.mundolinhavivaloja.com.br\/\">loja virtual<\/a> proporciona conveni\u00eancia, permitindo que profissionais adquiram seus EPIs com facilidade.<\/p>\n\n\n\n<p>Com <a href=\"https:\/\/www.google.com\/maps\/place\/Av.+Pref.+Carlos+Ferreira+Lopes,+1075+-+Centro,+Mogi+das+Cruzes+-+SP,+08773-490\/@-23.5080158,-46.1920602,17z\/data=!3m1!4b1!4m6!3m5!1s0x94cdd7f57dcee3a1:0x8ea8e200eebbd9d9!8m2!3d-23.5080158!4d-46.1920602!16s%2Fg%2F11v12yy2sw?entry=tts\">localiza\u00e7\u00e3o f\u00edsica<\/a> em Mogi das Cruzes, estamos prontos para atender \u00e0s demandas com agilidade. Invista na seguran\u00e7a e conforto de sua equipe com as melhores carneiras para capacete.<\/p>\n\n\n\n<p class=\"has-text-align-center\"><a href=\"https:\/\/www.mundolinhaviva.com.br\/contato\">Conte com o Mundo Linha Viva<\/a> e garanta um investimento respons\u00e1vel na prote\u00e7\u00e3o de seus colaboradores!<\/p>\n\n\n\n<p><strong>Leituras recomendadas:&nbsp;<\/strong><\/p>\n\n\n\n<ul>\n<li><a href=\"https:\/\/www.mundolinhaviva.com.br\/blog\/capa-de-chuva-em-pvc-forrada-comprar\/\">Capa de chuva em pvc forrada: Prote\u00e7\u00e3o total em dias chuvosos!<\/a><\/li>\n\n\n\n<li><a href=\"https:\/\/www.mundolinhaviva.com.br\/blog\/protetor-auditivo-auricular-escolhendo-o-fornecedor-perfeito\/\">Protetor auditivo auricular: Escolhendo o fornecedor perfeito!<\/a><\/li>\n\n\n\n<li><a href=\"https:\/\/www.mundolinhaviva.com.br\/blog\/cinto-de-protecao-qual-a-melhor-opcao\/\">Cinto de prote\u00e7\u00e3o: Sua alian\u00e7a pela seguran\u00e7a total<\/a><\/li>\n<\/ul>\n\n\n\n<figure class=\"wp-block-image size-full is-resized\"><img decoding=\"async\" loading=\"lazy\" src=\"https:\/\/www.mundolinhaviva.com.br\/blog\/wp-content\/uploads\/2023\/10\/logo.png\" alt=\"Mundo Linha Viva\" class=\"wp-image-2370\" width=\"177\" height=\"84\" srcset=\"https:\/\/www.mundolinhaviva.com.br\/blog\/wp-content\/uploads\/2023\/10\/logo.png 380w, https:\/\/www.mundolinhaviva.com.br\/blog\/wp-content\/uploads\/2023\/10\/logo-300x142.png 300w\" sizes=\"(max-width: 177px) 100vw, 177px\" \/><\/figure>\n","protected":false},"excerpt":{"rendered":"<p><span class=\"rt-reading-time\" style=\"display: block;\"><span class=\"rt-label rt-prefix\">Tempo de leitura<\/span> <span class=\"rt-time\">6<\/span> <span class=\"rt-label rt-postfix\">minutos<\/span><\/span> Quer conhecer as principais caracter\u00edsticas da carneira para capacete e ainda adquirir condi\u00e7\u00f5es especiais na ades\u00e3o deste componente? Continue lendo! A seguran\u00e7a no ambiente de trabalho \u00e9 uma preocupa\u00e7\u00e3o constante em diversos setores da ind\u00fastria e da constru\u00e7\u00e3o civil. Entre os Equipamentos de Prote\u00e7\u00e3o Individual (EPIs) essenciais, o capacete se destaca como um item fundamental &hellip; <\/p>\n","protected":false},"author":2,"featured_media":2610,"comment_status":"closed","ping_status":"open","sticky":false,"template":"","format":"standard","meta":[],"categories":[595,37,596,280,275,339],"tags":[5040,5110,5026,5138,5054,5012,4998,5124,5096,5068,4984,5082,5044,5114,5030,5142,5058,5016,5002,5128,5045,5115,5031,5143,5059,5017,5003,5129,5101,5073,4989,5087,5100,5072,4988,5086,5037,5107,5023,5135,5051,5009,4995,5121,5093,5065,4981,5079,5042,5112,5028,5140,5056,5014,5000,5126,5098,5070,4986,5084,5041,5111,5027,5139,5055,5013,4999,5125,5097,5069,4985,5083,5047,5117,5033,5145,5061,5019,5005,5131,5103,5075,4991,5089,5038,5108,5024,5136,5052,5010,4996,5122,5094,5066,4982,5080,5034,5104,5020,5132,5048,5006,4992,5118,5046,5116,5032,5144,5060,5018,5004,5130,5102,5074,4990,5088,5090,5062,4978,5076,5043,5113,5029,5141,5057,5015,5001,5127,5099,5071,4987,5085,5036,5106,5022,5134,5050,5008,4994,5120,5092,5064,4980,5078,5039,5109,5025,5137,5053,5011,4997,5123,5095,5067,4983,5081,5035,5105,5021,5133,5049,5007,4993,5119,5091,5063,4979,5077,4886,4890,4891,4883,4888,4887,4880,4893,4884,4892,4889,4882,4885,4881,4928,4932,4933,4925,4930,4929,4922,4935,4926,4934,4931,4924,4927,4923,4942,4946,4947,4939,4944,4943,4936,4949,4940,4948,4945,4938,4941,4937,4900,4904,4905,4897,4902,4901,4894,4907,4898,4906,4903,4896,4899,4895,4914,4918,4919,4911,4916,4915,4908,4921,4912,4920,4917,4910,4913,4909,4970,4974,4975,4967,4972,4971,4964,4977,4968,4976,4973,4966,4969,4965,4872,4876,4877,4869,4874,4873,4866,4879,4870,4878,4875,4868,4871,4867,4956,4960,4961,4953,4958,4957,4950,4963,4954,4962,4959,4952,4955,4951],"yoast_head":"<!-- This site is optimized with the Yoast SEO plugin v21.5 - https:\/\/yoast.com\/wordpress\/plugins\/seo\/ -->\n<title>Carneira para capacete: Potencializando a seguran\u00e7a individual<\/title>\n<meta name=\"description\" content=\"Quer conhecer as principais caracter\u00edsticas da carneira para capacete e ainda adquirir condi\u00e7\u00f5es especiais na ades\u00e3o? Acompanhe esse artigo.\" \/>\n<meta name=\"robots\" content=\"noindex, follow, max-snippet:-1, max-image-preview:large, max-video-preview:-1\" \/>\n<meta property=\"og:locale\" content=\"pt_BR\" \/>\n<meta property=\"og:type\" content=\"article\" \/>\n<meta property=\"og:title\" content=\"Carneira para capacete: Potencializando a seguran\u00e7a individual\" \/>\n<meta property=\"og:description\" content=\"Quer conhecer as principais caracter\u00edsticas da carneira para capacete e ainda adquirir condi\u00e7\u00f5es especiais na ades\u00e3o? Acompanhe esse artigo.\" \/>\n<meta property=\"og:url\" content=\"https:\/\/www.mundolinhaviva.com.br\/blog\/carneira-para-capacete-conheca-as-particularidades\/\" \/>\n<meta property=\"og:site_name\" content=\"Mundo Linha Viva\" \/>\n<meta property=\"article:publisher\" content=\"https:\/\/www.facebook.com\/MUNDO-LINHA-VIVA-Equipamentos-de-seguran%c3%a7a-374736490015498\/?modal=admin_todo_tour\" \/>\n<meta property=\"article:published_time\" content=\"2024-02-16T15:17:35+00:00\" \/>\n<meta property=\"article:modified_time\" content=\"2024-02-16T15:24:42+00:00\" \/>\n<meta property=\"og:image\" content=\"https:\/\/www.mundolinhaviva.com.br\/blog\/wp-content\/uploads\/2024\/02\/carneira.jpg\" \/>\n\t<meta property=\"og:image:width\" content=\"740\" \/>\n\t<meta property=\"og:image:height\" content=\"492\" \/>\n\t<meta property=\"og:image:type\" content=\"image\/jpeg\" \/>\n<meta name=\"author\" content=\"Mundo Linha Viva\" \/>\n<meta name=\"twitter:card\" content=\"summary_large_image\" \/>\n<meta name=\"twitter:label1\" content=\"Escrito por\" \/>\n\t<meta name=\"twitter:data1\" content=\"Mundo Linha Viva\" \/>\n\t<meta name=\"twitter:label2\" content=\"Est. tempo de leitura\" \/>\n\t<meta name=\"twitter:data2\" content=\"7 minutos\" \/>\n<script type=\"application\/ld+json\" class=\"yoast-schema-graph\">{\"@context\":\"https:\/\/schema.org\",\"@graph\":[{\"@type\":\"Article\",\"@id\":\"https:\/\/www.mundolinhaviva.com.br\/blog\/carneira-para-capacete-conheca-as-particularidades\/#article\",\"isPartOf\":{\"@id\":\"https:\/\/www.mundolinhaviva.com.br\/blog\/carneira-para-capacete-conheca-as-particularidades\/\"},\"author\":{\"name\":\"Mundo Linha Viva\",\"@id\":\"https:\/\/www.mundolinhaviva.com.br\/blog\/#\/schema\/person\/7239328c4d8fdd191d00be520bd49ff0\"},\"headline\":\"Carneira para capacete: Potencializando a seguran\u00e7a individual\",\"datePublished\":\"2024-02-16T15:17:35+00:00\",\"dateModified\":\"2024-02-16T15:24:42+00:00\",\"mainEntityOfPage\":{\"@id\":\"https:\/\/www.mundolinhaviva.com.br\/blog\/carneira-para-capacete-conheca-as-particularidades\/\"},\"wordCount\":976,\"publisher\":{\"@id\":\"https:\/\/www.mundolinhaviva.com.br\/blog\/#organization\"},\"keywords\":[\"CARNEIRA CAMPER em Ferraz de Vasconcelos\",\"CARNEIRA CAMPER em Jundiapeba\",\"CARNEIRA CAMPER em Mogi das Cruzes\",\"CARNEIRA CAMPER em Po\u00e1\",\"CARNEIRA CAMPER em promo\u00e7\u00e3o\",\"CARNEIRA CAMPER em s\u00e3o paulo\",\"CARNEIRA CAMPER em sp\",\"CARNEIRA CAMPER em Suzano\",\"CARNEIRA CAMPER na Zona Leste\",\"CARNEIRA CAMPER perto de mim\",\"CARNEIRA CAMPER pre\u00e7o\",\"CARNEIRA CAMPER pr\u00f3ximo a mim\",\"Carneira Capacete em Ferraz de Vasconcelos\",\"Carneira Capacete em Jundiapeba\",\"Carneira Capacete em Mogi das Cruzes\",\"Carneira Capacete em Po\u00e1\",\"Carneira Capacete em promo\u00e7\u00e3o\",\"Carneira Capacete em s\u00e3o paulo\",\"Carneira Capacete em sp\",\"Carneira Capacete em Suzano\",\"Carneira Capacete Msa em Ferraz de Vasconcelos\",\"Carneira Capacete Msa em Jundiapeba\",\"Carneira Capacete Msa em Mogi das Cruzes\",\"Carneira Capacete Msa em Po\u00e1\",\"Carneira Capacete Msa em promo\u00e7\u00e3o\",\"Carneira Capacete Msa em s\u00e3o paulo\",\"Carneira Capacete Msa em sp\",\"Carneira Capacete Msa em Suzano\",\"Carneira Capacete Msa na Zona Leste\",\"Carneira Capacete Msa perto de mim\",\"Carneira Capacete Msa pre\u00e7o\",\"Carneira Capacete Msa pr\u00f3ximo a mim\",\"Carneira Capacete na Zona Leste\",\"Carneira Capacete perto de mim\",\"Carneira Capacete pre\u00e7o\",\"Carneira Capacete pr\u00f3ximo a mim\",\"carneira do capacete em Ferraz de Vasconcelos\",\"carneira do capacete em Jundiapeba\",\"carneira do capacete em Mogi das Cruzes\",\"carneira do capacete em Po\u00e1\",\"carneira do capacete em promo\u00e7\u00e3o\",\"carneira do capacete em s\u00e3o paulo\",\"carneira do capacete em sp\",\"carneira do capacete em Suzano\",\"carneira do capacete na Zona Leste\",\"carneira do capacete perto de mim\",\"carneira do capacete pre\u00e7o\",\"carneira do capacete pr\u00f3ximo a mim\",\"Carneira Dur\u00e1veis em Ferraz de Vasconcelos\",\"Carneira Dur\u00e1veis em Jundiapeba\",\"Carneira Dur\u00e1veis em Mogi das Cruzes\",\"Carneira Dur\u00e1veis em Po\u00e1\",\"Carneira Dur\u00e1veis em promo\u00e7\u00e3o\",\"Carneira Dur\u00e1veis em s\u00e3o paulo\",\"Carneira Dur\u00e1veis em sp\",\"Carneira Dur\u00e1veis em Suzano\",\"Carneira Dur\u00e1veis na Zona Leste\",\"Carneira Dur\u00e1veis perto de mim\",\"Carneira Dur\u00e1veis pre\u00e7o\",\"Carneira Dur\u00e1veis pr\u00f3ximo a mim\",\"Carneira MSA em Ferraz de Vasconcelos\",\"Carneira MSA em Jundiapeba\",\"Carneira MSA em Mogi das Cruzes\",\"Carneira MSA em Po\u00e1\",\"Carneira MSA em promo\u00e7\u00e3o\",\"Carneira MSA em s\u00e3o paulo\",\"Carneira MSA em sp\",\"Carneira MSA em Suzano\",\"Carneira MSA na Zona Leste\",\"Carneira MSA perto de mim\",\"Carneira MSA pre\u00e7o\",\"Carneira MSA pr\u00f3ximo a mim\",\"Carneira Para Capacete Ajust\u00e1vel em Ferraz de Vasconcelos\",\"Carneira Para Capacete Ajust\u00e1vel em Jundiapeba\",\"Carneira Para Capacete Ajust\u00e1vel em Mogi das Cruzes\",\"Carneira Para Capacete Ajust\u00e1vel em Po\u00e1\",\"Carneira Para Capacete Ajust\u00e1vel em promo\u00e7\u00e3o\",\"Carneira Para Capacete Ajust\u00e1vel em s\u00e3o paulo\",\"Carneira Para Capacete Ajust\u00e1vel em sp\",\"Carneira Para Capacete Ajust\u00e1vel em Suzano\",\"Carneira Para Capacete Ajust\u00e1vel na Zona Leste\",\"Carneira Para Capacete Ajust\u00e1vel perto de mim\",\"Carneira Para Capacete Ajust\u00e1vel pre\u00e7o\",\"Carneira Para Capacete Ajust\u00e1vel pr\u00f3ximo a mim\",\"Carneira para capacete Camper em Ferraz de Vasconcelos\",\"Carneira para capacete Camper em Jundiapeba\",\"Carneira para capacete Camper em Mogi das Cruzes\",\"Carneira para capacete Camper em Po\u00e1\",\"Carneira para capacete Camper em promo\u00e7\u00e3o\",\"Carneira para capacete Camper em s\u00e3o paulo\",\"Carneira para capacete Camper em sp\",\"Carneira para capacete Camper em Suzano\",\"Carneira para capacete Camper na Zona Leste\",\"Carneira para capacete Camper perto de mim\",\"Carneira para capacete Camper pre\u00e7o\",\"Carneira para capacete Camper pr\u00f3ximo a mim\",\"Carneira para capacete em Ferraz de Vasconcelos\",\"Carneira para capacete em Jundiapeba\",\"Carneira para capacete em Mogi das Cruzes\",\"Carneira para capacete em Po\u00e1\",\"Carneira para capacete em promo\u00e7\u00e3o\",\"Carneira para capacete em s\u00e3o paulo\",\"Carneira para capacete em sp\",\"Carneira para capacete em Suzano\",\"Carneira para Capacete MSA em Ferraz de Vasconcelos\",\"Carneira para Capacete MSA em Jundiapeba\",\"Carneira para Capacete MSA em Mogi das Cruzes\",\"Carneira para Capacete MSA em Po\u00e1\",\"Carneira para Capacete MSA em promo\u00e7\u00e3o\",\"Carneira para Capacete MSA em s\u00e3o paulo\",\"Carneira para Capacete MSA em sp\",\"Carneira para Capacete MSA em Suzano\",\"Carneira para Capacete MSA na Zona Leste\",\"Carneira para Capacete MSA perto de mim\",\"Carneira para Capacete MSA pre\u00e7o\",\"Carneira para Capacete MSA pr\u00f3ximo a mim\",\"Carneira para capacete na Zona Leste\",\"Carneira para capacete perto de mim\",\"Carneira para capacete pre\u00e7o\",\"Carneira para capacete pr\u00f3ximo a mim\",\"Carneira Simples para Capacete em Ferraz de Vasconcelos\",\"Carneira Simples para Capacete em Jundiapeba\",\"Carneira Simples para Capacete em Mogi das Cruzes\",\"Carneira Simples para Capacete em Po\u00e1\",\"Carneira Simples para Capacete em promo\u00e7\u00e3o\",\"Carneira Simples para Capacete em s\u00e3o paulo\",\"Carneira Simples para Capacete em sp\",\"Carneira Simples para Capacete em Suzano\",\"Carneira Simples para Capacete na Zona Leste\",\"Carneira Simples para Capacete perto de mim\",\"Carneira Simples para Capacete pre\u00e7o\",\"Carneira Simples para Capacete pr\u00f3ximo a mim\",\"Carneira Suspens\u00e3o Pl\u00e1stica para Capacete em Ferraz de Vasconcelos\",\"Carneira Suspens\u00e3o Pl\u00e1stica para Capacete em Jundiapeba\",\"Carneira Suspens\u00e3o Pl\u00e1stica para Capacete em Mogi das Cruzes\",\"Carneira Suspens\u00e3o Pl\u00e1stica para Capacete em Po\u00e1\",\"Carneira Suspens\u00e3o Pl\u00e1stica para Capacete em promo\u00e7\u00e3o\",\"Carneira Suspens\u00e3o Pl\u00e1stica para Capacete em s\u00e3o paulo\",\"Carneira Suspens\u00e3o Pl\u00e1stica para Capacete em sp\",\"Carneira Suspens\u00e3o Pl\u00e1stica para Capacete em Suzano\",\"Carneira Suspens\u00e3o Pl\u00e1stica para Capacete na Zona Leste\",\"Carneira Suspens\u00e3o Pl\u00e1stica para Capacete perto de mim\",\"Carneira Suspens\u00e3o Pl\u00e1stica para Capacete pre\u00e7o\",\"Carneira Suspens\u00e3o Pl\u00e1stica para Capacete pr\u00f3ximo a mim\",\"Carneira Suspens\u00e3o T\u00eaxtil para Capacete em Ferraz de Vasconcelos\",\"Carneira Suspens\u00e3o T\u00eaxtil para Capacete em Jundiapeba\",\"Carneira Suspens\u00e3o T\u00eaxtil para Capacete em Mogi das Cruzes\",\"Carneira Suspens\u00e3o T\u00eaxtil para Capacete em Po\u00e1\",\"Carneira Suspens\u00e3o T\u00eaxtil para Capacete em promo\u00e7\u00e3o\",\"Carneira Suspens\u00e3o T\u00eaxtil para Capacete em s\u00e3o paulo\",\"Carneira Suspens\u00e3o T\u00eaxtil para Capacete em sp\",\"Carneira Suspens\u00e3o T\u00eaxtil para Capacete em Suzano\",\"Carneira Suspens\u00e3o T\u00eaxtil para Capacete na Zona Leste\",\"Carneira Suspens\u00e3o T\u00eaxtil para Capacete perto de mim\",\"Carneira Suspens\u00e3o T\u00eaxtil para Capacete pre\u00e7o\",\"Carneira Suspens\u00e3o T\u00eaxtil para Capacete pr\u00f3ximo a mim\",\"carneiras para capacete em Ferraz de Vasconcelos\",\"carneiras para capacete em Jundiapeba\",\"carneiras para capacete em Mogi das Cruzes\",\"carneiras para capacete em Po\u00e1\",\"carneiras para capacete em promo\u00e7\u00e3o\",\"carneiras para capacete em s\u00e3o paulo\",\"carneiras para capacete em sp\",\"carneiras para capacete em Suzano\",\"carneiras para capacete na Zona Leste\",\"carneiras para capacete perto de mim\",\"carneiras para capacete pre\u00e7o\",\"carneiras para capacete pr\u00f3ximo a mim\",\"comprar CARNEIRA CAMPER\",\"comprar Carneira Capacete\",\"comprar Carneira Capacete Msa\",\"comprar carneira do capacete\",\"comprar Carneira Dur\u00e1veis\",\"comprar Carneira MSA\",\"comprar Carneira para capacete\",\"comprar Carneira Para Capacete Ajust\u00e1vel\",\"comprar Carneira para capacete Camper\",\"comprar Carneira para Capacete MSA\",\"comprar Carneira Simples para Capacete\",\"comprar Carneira Suspens\u00e3o Pl\u00e1stica para Capacete\",\"comprar Carneira Suspens\u00e3o T\u00eaxtil para Capacete\",\"comprar carneiras para capacete\",\"distribuidor de CARNEIRA CAMPER\",\"distribuidor de Carneira Capacete\",\"distribuidor de Carneira Capacete Msa\",\"distribuidor de carneira do capacete\",\"distribuidor de Carneira Dur\u00e1veis\",\"distribuidor de Carneira MSA\",\"distribuidor de Carneira para capacete\",\"distribuidor de Carneira Para Capacete Ajust\u00e1vel\",\"distribuidor de Carneira para capacete Camper\",\"distribuidor de Carneira para Capacete MSA\",\"distribuidor de Carneira Simples para Capacete\",\"distribuidor de Carneira Suspens\u00e3o Pl\u00e1stica para Capacete\",\"distribuidor de Carneira Suspens\u00e3o T\u00eaxtil para Capacete\",\"distribuidor de carneiras para capacete\",\"distribuidora de CARNEIRA CAMPER\",\"distribuidora de Carneira Capacete\",\"distribuidora de Carneira Capacete Msa\",\"distribuidora de carneira do capacete\",\"distribuidora de Carneira Dur\u00e1veis\",\"distribuidora de Carneira MSA\",\"distribuidora de Carneira para capacete\",\"distribuidora de Carneira Para Capacete Ajust\u00e1vel\",\"distribuidora de Carneira para capacete Camper\",\"distribuidora de Carneira para Capacete MSA\",\"distribuidora de Carneira Simples para Capacete\",\"distribuidora de Carneira Suspens\u00e3o Pl\u00e1stica para Capacete\",\"distribuidora de Carneira Suspens\u00e3o T\u00eaxtil para Capacete\",\"distribuidora de carneiras para capacete\",\"empresa de CARNEIRA CAMPER\",\"empresa de Carneira Capacete\",\"empresa de Carneira Capacete Msa\",\"empresa de carneira do capacete\",\"empresa de Carneira Dur\u00e1veis\",\"empresa de Carneira MSA\",\"empresa de Carneira para capacete\",\"empresa de Carneira Para Capacete Ajust\u00e1vel\",\"empresa de Carneira para capacete Camper\",\"empresa de Carneira para Capacete MSA\",\"empresa de Carneira Simples para Capacete\",\"empresa de Carneira Suspens\u00e3o Pl\u00e1stica para Capacete\",\"empresa de Carneira Suspens\u00e3o T\u00eaxtil para Capacete\",\"empresa de carneiras para capacete\",\"fornecedor de CARNEIRA CAMPER\",\"fornecedor de Carneira Capacete\",\"fornecedor de Carneira Capacete Msa\",\"fornecedor de carneira do capacete\",\"fornecedor de Carneira Dur\u00e1veis\",\"fornecedor de Carneira MSA\",\"fornecedor de Carneira para capacete\",\"fornecedor de Carneira Para Capacete Ajust\u00e1vel\",\"fornecedor de Carneira para capacete Camper\",\"fornecedor de Carneira para Capacete MSA\",\"fornecedor de Carneira Simples para Capacete\",\"fornecedor de Carneira Suspens\u00e3o Pl\u00e1stica para Capacete\",\"fornecedor de Carneira Suspens\u00e3o T\u00eaxtil para Capacete\",\"fornecedor de carneiras para capacete\",\"loja de CARNEIRA CAMPER\",\"loja de Carneira Capacete\",\"loja de Carneira Capacete Msa\",\"loja de carneira do capacete\",\"loja de Carneira Dur\u00e1veis\",\"loja de Carneira MSA\",\"loja de Carneira para capacete\",\"loja de Carneira Para Capacete Ajust\u00e1vel\",\"loja de Carneira para capacete Camper\",\"loja de Carneira para Capacete MSA\",\"loja de Carneira Simples para Capacete\",\"loja de Carneira Suspens\u00e3o Pl\u00e1stica para Capacete\",\"loja de Carneira Suspens\u00e3o T\u00eaxtil para Capacete\",\"loja de carneiras para capacete\",\"onde encontrar CARNEIRA CAMPER\",\"onde encontrar Carneira Capacete\",\"onde encontrar Carneira Capacete Msa\",\"onde encontrar carneira do capacete\",\"onde encontrar Carneira Dur\u00e1veis\",\"onde encontrar Carneira MSA\",\"onde encontrar Carneira para capacete\",\"onde encontrar Carneira Para Capacete Ajust\u00e1vel\",\"onde encontrar Carneira para capacete Camper\",\"onde encontrar Carneira para Capacete MSA\",\"onde encontrar Carneira Simples para Capacete\",\"onde encontrar Carneira Suspens\u00e3o Pl\u00e1stica para Capacete\",\"onde encontrar Carneira Suspens\u00e3o T\u00eaxtil para Capacete\",\"onde encontrar carneiras para capacete\",\"revendedor de CARNEIRA CAMPER\",\"revendedor de Carneira Capacete\",\"revendedor de Carneira Capacete Msa\",\"revendedor de carneira do capacete\",\"revendedor de Carneira Dur\u00e1veis\",\"revendedor de Carneira MSA\",\"revendedor de Carneira para capacete\",\"revendedor de Carneira Para Capacete Ajust\u00e1vel\",\"revendedor de Carneira para capacete Camper\",\"revendedor de Carneira para Capacete MSA\",\"revendedor de Carneira Simples para Capacete\",\"revendedor de Carneira Suspens\u00e3o Pl\u00e1stica para Capacete\",\"revendedor de Carneira Suspens\u00e3o T\u00eaxtil para Capacete\",\"revendedor de carneiras para capacete\"],\"articleSection\":[\"EPI\",\"Equipamentos EPI\",\"Import\u00e2ncia dos EPIs\",\"Profiss\u00f5es\",\"Seguran\u00e7a do Trabalho\",\"Tipos de EPIs\"],\"inLanguage\":\"pt-BR\"},{\"@type\":\"WebPage\",\"@id\":\"https:\/\/www.mundolinhaviva.com.br\/blog\/carneira-para-capacete-conheca-as-particularidades\/\",\"url\":\"https:\/\/www.mundolinhaviva.com.br\/blog\/carneira-para-capacete-conheca-as-particularidades\/\",\"name\":\"Carneira para capacete: Potencializando a seguran\u00e7a individual\",\"isPartOf\":{\"@id\":\"https:\/\/www.mundolinhaviva.com.br\/blog\/#website\"},\"datePublished\":\"2024-02-16T15:17:35+00:00\",\"dateModified\":\"2024-02-16T15:24:42+00:00\",\"description\":\"Quer conhecer as principais caracter\u00edsticas da carneira para capacete e ainda adquirir condi\u00e7\u00f5es especiais na ades\u00e3o? Acompanhe esse artigo.\",\"breadcrumb\":{\"@id\":\"https:\/\/www.mundolinhaviva.com.br\/blog\/carneira-para-capacete-conheca-as-particularidades\/#breadcrumb\"},\"inLanguage\":\"pt-BR\",\"potentialAction\":[{\"@type\":\"ReadAction\",\"target\":[\"https:\/\/www.mundolinhaviva.com.br\/blog\/carneira-para-capacete-conheca-as-particularidades\/\"]}]},{\"@type\":\"BreadcrumbList\",\"@id\":\"https:\/\/www.mundolinhaviva.com.br\/blog\/carneira-para-capacete-conheca-as-particularidades\/#breadcrumb\",\"itemListElement\":[{\"@type\":\"ListItem\",\"position\":1,\"name\":\"Home\",\"item\":\"https:\/\/www.mundolinhaviva.com.br\/blog\/\"},{\"@type\":\"ListItem\",\"position\":2,\"name\":\"EPI\",\"item\":\"https:\/\/www.mundolinhaviva.com.br\/blog\/epi\/\"},{\"@type\":\"ListItem\",\"position\":3,\"name\":\"Carneira para capacete: Potencializando a seguran\u00e7a individual\"}]},{\"@type\":\"WebSite\",\"@id\":\"https:\/\/www.mundolinhaviva.com.br\/blog\/#website\",\"url\":\"https:\/\/www.mundolinhaviva.com.br\/blog\/\",\"name\":\"Mundo Linha Viva\",\"description\":\"Blog - Mundo Linha Viva\",\"publisher\":{\"@id\":\"https:\/\/www.mundolinhaviva.com.br\/blog\/#organization\"},\"potentialAction\":[{\"@type\":\"SearchAction\",\"target\":{\"@type\":\"EntryPoint\",\"urlTemplate\":\"https:\/\/www.mundolinhaviva.com.br\/blog\/?s={search_term_string}\"},\"query-input\":\"required name=search_term_string\"}],\"inLanguage\":\"pt-BR\"},{\"@type\":\"Organization\",\"@id\":\"https:\/\/www.mundolinhaviva.com.br\/blog\/#organization\",\"name\":\"Mundo Linha Viva\",\"url\":\"https:\/\/www.mundolinhaviva.com.br\/blog\/\",\"logo\":{\"@type\":\"ImageObject\",\"inLanguage\":\"pt-BR\",\"@id\":\"https:\/\/www.mundolinhaviva.com.br\/blog\/#\/schema\/logo\/image\/\",\"url\":\"https:\/\/www.mundolinhaviva.com.br\/site-22\/wp-content\/uploads\/2018\/11\/logo-mlv-1.png\",\"contentUrl\":\"https:\/\/www.mundolinhaviva.com.br\/site-22\/wp-content\/uploads\/2018\/11\/logo-mlv-1.png\",\"width\":259,\"height\":56,\"caption\":\"Mundo Linha Viva\"},\"image\":{\"@id\":\"https:\/\/www.mundolinhaviva.com.br\/blog\/#\/schema\/logo\/image\/\"},\"sameAs\":[\"https:\/\/www.facebook.com\/MUNDO-LINHA-VIVA-Equipamentos-de-seguran\u00e7a-374736490015498\/?modal=admin_todo_tour\"]},{\"@type\":\"Person\",\"@id\":\"https:\/\/www.mundolinhaviva.com.br\/blog\/#\/schema\/person\/7239328c4d8fdd191d00be520bd49ff0\",\"name\":\"Mundo Linha Viva\"}]}<\/script>\n<!-- \/ Yoast SEO plugin. -->","yoast_head_json":{"title":"Carneira para capacete: Potencializando a seguran\u00e7a individual","description":"Quer conhecer as principais caracter\u00edsticas da carneira para capacete e ainda adquirir condi\u00e7\u00f5es especiais na ades\u00e3o? Acompanhe esse artigo.","robots":{"index":"noindex","follow":"follow","max-snippet":"max-snippet:-1","max-image-preview":"max-image-preview:large","max-video-preview":"max-video-preview:-1"},"og_locale":"pt_BR","og_type":"article","og_title":"Carneira para capacete: Potencializando a seguran\u00e7a individual","og_description":"Quer conhecer as principais caracter\u00edsticas da carneira para capacete e ainda adquirir condi\u00e7\u00f5es especiais na ades\u00e3o? Acompanhe esse artigo.","og_url":"https:\/\/www.mundolinhaviva.com.br\/blog\/carneira-para-capacete-conheca-as-particularidades\/","og_site_name":"Mundo Linha Viva","article_publisher":"https:\/\/www.facebook.com\/MUNDO-LINHA-VIVA-Equipamentos-de-seguran%c3%a7a-374736490015498\/?modal=admin_todo_tour","article_published_time":"2024-02-16T15:17:35+00:00","article_modified_time":"2024-02-16T15:24:42+00:00","og_image":[{"width":740,"height":492,"url":"https:\/\/www.mundolinhaviva.com.br\/blog\/wp-content\/uploads\/2024\/02\/carneira.jpg","type":"image\/jpeg"}],"author":"Mundo Linha Viva","twitter_card":"summary_large_image","twitter_misc":{"Escrito por":"Mundo Linha Viva","Est. tempo de leitura":"7 minutos"},"schema":{"@context":"https:\/\/schema.org","@graph":[{"@type":"Article","@id":"https:\/\/www.mundolinhaviva.com.br\/blog\/carneira-para-capacete-conheca-as-particularidades\/#article","isPartOf":{"@id":"https:\/\/www.mundolinhaviva.com.br\/blog\/carneira-para-capacete-conheca-as-particularidades\/"},"author":{"name":"Mundo Linha Viva","@id":"https:\/\/www.mundolinhaviva.com.br\/blog\/#\/schema\/person\/7239328c4d8fdd191d00be520bd49ff0"},"headline":"Carneira para capacete: Potencializando a seguran\u00e7a individual","datePublished":"2024-02-16T15:17:35+00:00","dateModified":"2024-02-16T15:24:42+00:00","mainEntityOfPage":{"@id":"https:\/\/www.mundolinhaviva.com.br\/blog\/carneira-para-capacete-conheca-as-particularidades\/"},"wordCount":976,"publisher":{"@id":"https:\/\/www.mundolinhaviva.com.br\/blog\/#organization"},"keywords":["CARNEIRA CAMPER em Ferraz de Vasconcelos","CARNEIRA CAMPER em Jundiapeba","CARNEIRA CAMPER em Mogi das Cruzes","CARNEIRA CAMPER em Po\u00e1","CARNEIRA CAMPER em promo\u00e7\u00e3o","CARNEIRA CAMPER em s\u00e3o paulo","CARNEIRA CAMPER em sp","CARNEIRA CAMPER em Suzano","CARNEIRA CAMPER na Zona Leste","CARNEIRA CAMPER perto de mim","CARNEIRA CAMPER pre\u00e7o","CARNEIRA CAMPER pr\u00f3ximo a mim","Carneira Capacete em Ferraz de Vasconcelos","Carneira Capacete em Jundiapeba","Carneira Capacete em Mogi das Cruzes","Carneira Capacete em Po\u00e1","Carneira Capacete em promo\u00e7\u00e3o","Carneira Capacete em s\u00e3o paulo","Carneira Capacete em sp","Carneira Capacete em Suzano","Carneira Capacete Msa em Ferraz de Vasconcelos","Carneira Capacete Msa em Jundiapeba","Carneira Capacete Msa em Mogi das Cruzes","Carneira Capacete Msa em Po\u00e1","Carneira Capacete Msa em promo\u00e7\u00e3o","Carneira Capacete Msa em s\u00e3o paulo","Carneira Capacete Msa em sp","Carneira Capacete Msa em Suzano","Carneira Capacete Msa na Zona Leste","Carneira Capacete Msa perto de mim","Carneira Capacete Msa pre\u00e7o","Carneira Capacete Msa pr\u00f3ximo a mim","Carneira Capacete na Zona Leste","Carneira Capacete perto de mim","Carneira Capacete pre\u00e7o","Carneira Capacete pr\u00f3ximo a mim","carneira do capacete em Ferraz de Vasconcelos","carneira do capacete em Jundiapeba","carneira do capacete em Mogi das Cruzes","carneira do capacete em Po\u00e1","carneira do capacete em promo\u00e7\u00e3o","carneira do capacete em s\u00e3o paulo","carneira do capacete em sp","carneira do capacete em Suzano","carneira do capacete na Zona Leste","carneira do capacete perto de mim","carneira do capacete pre\u00e7o","carneira do capacete pr\u00f3ximo a mim","Carneira Dur\u00e1veis em Ferraz de Vasconcelos","Carneira Dur\u00e1veis em Jundiapeba","Carneira Dur\u00e1veis em Mogi das Cruzes","Carneira Dur\u00e1veis em Po\u00e1","Carneira Dur\u00e1veis em promo\u00e7\u00e3o","Carneira Dur\u00e1veis em s\u00e3o paulo","Carneira Dur\u00e1veis em sp","Carneira Dur\u00e1veis em Suzano","Carneira Dur\u00e1veis na Zona Leste","Carneira Dur\u00e1veis perto de mim","Carneira Dur\u00e1veis pre\u00e7o","Carneira Dur\u00e1veis pr\u00f3ximo a mim","Carneira MSA em Ferraz de Vasconcelos","Carneira MSA em Jundiapeba","Carneira MSA em Mogi das Cruzes","Carneira MSA em Po\u00e1","Carneira MSA em promo\u00e7\u00e3o","Carneira MSA em s\u00e3o paulo","Carneira MSA em sp","Carneira MSA em Suzano","Carneira MSA na Zona Leste","Carneira MSA perto de mim","Carneira MSA pre\u00e7o","Carneira MSA pr\u00f3ximo a mim","Carneira Para Capacete Ajust\u00e1vel em Ferraz de Vasconcelos","Carneira Para Capacete Ajust\u00e1vel em Jundiapeba","Carneira Para Capacete Ajust\u00e1vel em Mogi das Cruzes","Carneira Para Capacete Ajust\u00e1vel em Po\u00e1","Carneira Para Capacete Ajust\u00e1vel em promo\u00e7\u00e3o","Carneira Para Capacete Ajust\u00e1vel em s\u00e3o paulo","Carneira Para Capacete Ajust\u00e1vel em sp","Carneira Para Capacete Ajust\u00e1vel em Suzano","Carneira Para Capacete Ajust\u00e1vel na Zona Leste","Carneira Para Capacete Ajust\u00e1vel perto de mim","Carneira Para Capacete Ajust\u00e1vel pre\u00e7o","Carneira Para Capacete Ajust\u00e1vel pr\u00f3ximo a mim","Carneira para capacete Camper em Ferraz de Vasconcelos","Carneira para capacete Camper em Jundiapeba","Carneira para capacete Camper em Mogi das Cruzes","Carneira para capacete Camper em Po\u00e1","Carneira para capacete Camper em promo\u00e7\u00e3o","Carneira para capacete Camper em s\u00e3o paulo","Carneira para capacete Camper em sp","Carneira para capacete Camper em Suzano","Carneira para capacete Camper na Zona Leste","Carneira para capacete Camper perto de mim","Carneira para capacete Camper pre\u00e7o","Carneira para capacete Camper pr\u00f3ximo a mim","Carneira para capacete em Ferraz de Vasconcelos","Carneira para capacete em Jundiapeba","Carneira para capacete em Mogi das Cruzes","Carneira para capacete em Po\u00e1","Carneira para capacete em promo\u00e7\u00e3o","Carneira para capacete em s\u00e3o paulo","Carneira para capacete em sp","Carneira para capacete em Suzano","Carneira para Capacete MSA em Ferraz de Vasconcelos","Carneira para Capacete MSA em Jundiapeba","Carneira para Capacete MSA em Mogi das Cruzes","Carneira para Capacete MSA em Po\u00e1","Carneira para Capacete MSA em promo\u00e7\u00e3o","Carneira para Capacete MSA em s\u00e3o paulo","Carneira para Capacete MSA em sp","Carneira para Capacete MSA em Suzano","Carneira para Capacete MSA na Zona Leste","Carneira para Capacete MSA perto de mim","Carneira para Capacete MSA pre\u00e7o","Carneira para Capacete MSA pr\u00f3ximo a mim","Carneira para capacete na Zona Leste","Carneira para capacete perto de mim","Carneira para capacete pre\u00e7o","Carneira para capacete pr\u00f3ximo a mim","Carneira Simples para Capacete em Ferraz de Vasconcelos","Carneira Simples para Capacete em Jundiapeba","Carneira Simples para Capacete em Mogi das Cruzes","Carneira Simples para Capacete em Po\u00e1","Carneira Simples para Capacete em promo\u00e7\u00e3o","Carneira Simples para Capacete em s\u00e3o paulo","Carneira Simples para Capacete em sp","Carneira Simples para Capacete em Suzano","Carneira Simples para Capacete na Zona Leste","Carneira Simples para Capacete perto de mim","Carneira Simples para Capacete pre\u00e7o","Carneira Simples para Capacete pr\u00f3ximo a mim","Carneira Suspens\u00e3o Pl\u00e1stica para Capacete em Ferraz de Vasconcelos","Carneira Suspens\u00e3o Pl\u00e1stica para Capacete em Jundiapeba","Carneira Suspens\u00e3o Pl\u00e1stica para Capacete em Mogi das Cruzes","Carneira Suspens\u00e3o Pl\u00e1stica para Capacete em Po\u00e1","Carneira Suspens\u00e3o Pl\u00e1stica para Capacete em promo\u00e7\u00e3o","Carneira Suspens\u00e3o Pl\u00e1stica para Capacete em s\u00e3o paulo","Carneira Suspens\u00e3o Pl\u00e1stica para Capacete em sp","Carneira Suspens\u00e3o Pl\u00e1stica para Capacete em Suzano","Carneira Suspens\u00e3o Pl\u00e1stica para Capacete na Zona Leste","Carneira Suspens\u00e3o Pl\u00e1stica para Capacete perto de mim","Carneira Suspens\u00e3o Pl\u00e1stica para Capacete pre\u00e7o","Carneira Suspens\u00e3o Pl\u00e1stica para Capacete pr\u00f3ximo a mim","Carneira Suspens\u00e3o T\u00eaxtil para Capacete em Ferraz de Vasconcelos","Carneira Suspens\u00e3o T\u00eaxtil para Capacete em Jundiapeba","Carneira Suspens\u00e3o T\u00eaxtil para Capacete em Mogi das Cruzes","Carneira Suspens\u00e3o T\u00eaxtil para Capacete em Po\u00e1","Carneira Suspens\u00e3o T\u00eaxtil para Capacete em promo\u00e7\u00e3o","Carneira Suspens\u00e3o T\u00eaxtil para Capacete em s\u00e3o paulo","Carneira Suspens\u00e3o T\u00eaxtil para Capacete em sp","Carneira Suspens\u00e3o T\u00eaxtil para Capacete em Suzano","Carneira Suspens\u00e3o T\u00eaxtil para Capacete na Zona Leste","Carneira Suspens\u00e3o T\u00eaxtil para Capacete perto de mim","Carneira Suspens\u00e3o T\u00eaxtil para Capacete pre\u00e7o","Carneira Suspens\u00e3o T\u00eaxtil para Capacete pr\u00f3ximo a mim","carneiras para capacete em Ferraz de Vasconcelos","carneiras para capacete em Jundiapeba","carneiras para capacete em Mogi das Cruzes","carneiras para capacete em Po\u00e1","carneiras para capacete em promo\u00e7\u00e3o","carneiras para capacete em s\u00e3o paulo","carneiras para capacete em sp","carneiras para capacete em Suzano","carneiras para capacete na Zona Leste","carneiras para capacete perto de mim","carneiras para capacete pre\u00e7o","carneiras para capacete pr\u00f3ximo a mim","comprar CARNEIRA CAMPER","comprar Carneira Capacete","comprar Carneira Capacete Msa","comprar carneira do capacete","comprar Carneira Dur\u00e1veis","comprar Carneira MSA","comprar Carneira para capacete","comprar Carneira Para Capacete Ajust\u00e1vel","comprar Carneira para capacete Camper","comprar Carneira para Capacete MSA","comprar Carneira Simples para Capacete","comprar Carneira Suspens\u00e3o Pl\u00e1stica para Capacete","comprar Carneira Suspens\u00e3o T\u00eaxtil para Capacete","comprar carneiras para capacete","distribuidor de CARNEIRA CAMPER","distribuidor de Carneira Capacete","distribuidor de Carneira Capacete Msa","distribuidor de carneira do capacete","distribuidor de Carneira Dur\u00e1veis","distribuidor de Carneira MSA","distribuidor de Carneira para capacete","distribuidor de Carneira Para Capacete Ajust\u00e1vel","distribuidor de Carneira para capacete Camper","distribuidor de Carneira para Capacete MSA","distribuidor de Carneira Simples para Capacete","distribuidor de Carneira Suspens\u00e3o Pl\u00e1stica para Capacete","distribuidor de Carneira Suspens\u00e3o T\u00eaxtil para Capacete","distribuidor de carneiras para capacete","distribuidora de CARNEIRA CAMPER","distribuidora de Carneira Capacete","distribuidora de Carneira Capacete Msa","distribuidora de carneira do capacete","distribuidora de Carneira Dur\u00e1veis","distribuidora de Carneira MSA","distribuidora de Carneira para capacete","distribuidora de Carneira Para Capacete Ajust\u00e1vel","distribuidora de Carneira para capacete Camper","distribuidora de Carneira para Capacete MSA","distribuidora de Carneira Simples para Capacete","distribuidora de Carneira Suspens\u00e3o Pl\u00e1stica para Capacete","distribuidora de Carneira Suspens\u00e3o T\u00eaxtil para Capacete","distribuidora de carneiras para capacete","empresa de CARNEIRA CAMPER","empresa de Carneira Capacete","empresa de Carneira Capacete Msa","empresa de carneira do capacete","empresa de Carneira Dur\u00e1veis","empresa de Carneira MSA","empresa de Carneira para capacete","empresa de Carneira Para Capacete Ajust\u00e1vel","empresa de Carneira para capacete Camper","empresa de Carneira para Capacete MSA","empresa de Carneira Simples para Capacete","empresa de Carneira Suspens\u00e3o Pl\u00e1stica para Capacete","empresa de Carneira Suspens\u00e3o T\u00eaxtil para Capacete","empresa de carneiras para capacete","fornecedor de CARNEIRA CAMPER","fornecedor de Carneira Capacete","fornecedor de Carneira Capacete Msa","fornecedor de carneira do capacete","fornecedor de Carneira Dur\u00e1veis","fornecedor de Carneira MSA","fornecedor de Carneira para capacete","fornecedor de Carneira Para Capacete Ajust\u00e1vel","fornecedor de Carneira para capacete Camper","fornecedor de Carneira para Capacete MSA","fornecedor de Carneira Simples para Capacete","fornecedor de Carneira Suspens\u00e3o Pl\u00e1stica para Capacete","fornecedor de Carneira Suspens\u00e3o T\u00eaxtil para Capacete","fornecedor de carneiras para capacete","loja de CARNEIRA CAMPER","loja de Carneira Capacete","loja de Carneira Capacete Msa","loja de carneira do capacete","loja de Carneira Dur\u00e1veis","loja de Carneira MSA","loja de Carneira para capacete","loja de Carneira Para Capacete Ajust\u00e1vel","loja de Carneira para capacete Camper","loja de Carneira para Capacete MSA","loja de Carneira Simples para Capacete","loja de Carneira Suspens\u00e3o Pl\u00e1stica para Capacete","loja de Carneira Suspens\u00e3o T\u00eaxtil para Capacete","loja de carneiras para capacete","onde encontrar CARNEIRA CAMPER","onde encontrar Carneira Capacete","onde encontrar Carneira Capacete Msa","onde encontrar carneira do capacete","onde encontrar Carneira Dur\u00e1veis","onde encontrar Carneira MSA","onde encontrar Carneira para capacete","onde encontrar Carneira Para Capacete Ajust\u00e1vel","onde encontrar Carneira para capacete Camper","onde encontrar Carneira para Capacete MSA","onde encontrar Carneira Simples para Capacete","onde encontrar Carneira Suspens\u00e3o Pl\u00e1stica para Capacete","onde encontrar Carneira Suspens\u00e3o T\u00eaxtil para Capacete","onde encontrar carneiras para capacete","revendedor de CARNEIRA CAMPER","revendedor de Carneira Capacete","revendedor de Carneira Capacete Msa","revendedor de carneira do capacete","revendedor de Carneira Dur\u00e1veis","revendedor de Carneira MSA","revendedor de Carneira para capacete","revendedor de Carneira Para Capacete Ajust\u00e1vel","revendedor de Carneira para capacete Camper","revendedor de Carneira para Capacete MSA","revendedor de Carneira Simples para Capacete","revendedor de Carneira Suspens\u00e3o Pl\u00e1stica para Capacete","revendedor de Carneira Suspens\u00e3o T\u00eaxtil para Capacete","revendedor de carneiras para capacete"],"articleSection":["EPI","Equipamentos EPI","Import\u00e2ncia dos EPIs","Profiss\u00f5es","Seguran\u00e7a do Trabalho","Tipos de EPIs"],"inLanguage":"pt-BR"},{"@type":"WebPage","@id":"https:\/\/www.mundolinhaviva.com.br\/blog\/carneira-para-capacete-conheca-as-particularidades\/","url":"https:\/\/www.mundolinhaviva.com.br\/blog\/carneira-para-capacete-conheca-as-particularidades\/","name":"Carneira para capacete: Potencializando a seguran\u00e7a individual","isPartOf":{"@id":"https:\/\/www.mundolinhaviva.com.br\/blog\/#website"},"datePublished":"2024-02-16T15:17:35+00:00","dateModified":"2024-02-16T15:24:42+00:00","description":"Quer conhecer as principais caracter\u00edsticas da carneira para capacete e ainda adquirir condi\u00e7\u00f5es especiais na ades\u00e3o? Acompanhe esse artigo.","breadcrumb":{"@id":"https:\/\/www.mundolinhaviva.com.br\/blog\/carneira-para-capacete-conheca-as-particularidades\/#breadcrumb"},"inLanguage":"pt-BR","potentialAction":[{"@type":"ReadAction","target":["https:\/\/www.mundolinhaviva.com.br\/blog\/carneira-para-capacete-conheca-as-particularidades\/"]}]},{"@type":"BreadcrumbList","@id":"https:\/\/www.mundolinhaviva.com.br\/blog\/carneira-para-capacete-conheca-as-particularidades\/#breadcrumb","itemListElement":[{"@type":"ListItem","position":1,"name":"Home","item":"https:\/\/www.mundolinhaviva.com.br\/blog\/"},{"@type":"ListItem","position":2,"name":"EPI","item":"https:\/\/www.mundolinhaviva.com.br\/blog\/epi\/"},{"@type":"ListItem","position":3,"name":"Carneira para capacete: Potencializando a seguran\u00e7a individual"}]},{"@type":"WebSite","@id":"https:\/\/www.mundolinhaviva.com.br\/blog\/#website","url":"https:\/\/www.mundolinhaviva.com.br\/blog\/","name":"Mundo Linha Viva","description":"Blog - Mundo Linha Viva","publisher":{"@id":"https:\/\/www.mundolinhaviva.com.br\/blog\/#organization"},"potentialAction":[{"@type":"SearchAction","target":{"@type":"EntryPoint","urlTemplate":"https:\/\/www.mundolinhaviva.com.br\/blog\/?s={search_term_string}"},"query-input":"required name=search_term_string"}],"inLanguage":"pt-BR"},{"@type":"Organization","@id":"https:\/\/www.mundolinhaviva.com.br\/blog\/#organization","name":"Mundo Linha Viva","url":"https:\/\/www.mundolinhaviva.com.br\/blog\/","logo":{"@type":"ImageObject","inLanguage":"pt-BR","@id":"https:\/\/www.mundolinhaviva.com.br\/blog\/#\/schema\/logo\/image\/","url":"https:\/\/www.mundolinhaviva.com.br\/site-22\/wp-content\/uploads\/2018\/11\/logo-mlv-1.png","contentUrl":"https:\/\/www.mundolinhaviva.com.br\/site-22\/wp-content\/uploads\/2018\/11\/logo-mlv-1.png","width":259,"height":56,"caption":"Mundo Linha Viva"},"image":{"@id":"https:\/\/www.mundolinhaviva.com.br\/blog\/#\/schema\/logo\/image\/"},"sameAs":["https:\/\/www.facebook.com\/MUNDO-LINHA-VIVA-Equipamentos-de-seguran\u00e7a-374736490015498\/?modal=admin_todo_tour"]},{"@type":"Person","@id":"https:\/\/www.mundolinhaviva.com.br\/blog\/#\/schema\/person\/7239328c4d8fdd191d00be520bd49ff0","name":"Mundo Linha Viva"}]}},"_links":{"self":[{"href":"https:\/\/www.mundolinhaviva.com.br\/blog\/wp-json\/wp\/v2\/posts\/2609"}],"collection":[{"href":"https:\/\/www.mundolinhaviva.com.br\/blog\/wp-json\/wp\/v2\/posts"}],"about":[{"href":"https:\/\/www.mundolinhaviva.com.br\/blog\/wp-json\/wp\/v2\/types\/post"}],"author":[{"embeddable":true,"href":"https:\/\/www.mundolinhaviva.com.br\/blog\/wp-json\/wp\/v2\/users\/2"}],"replies":[{"embeddable":true,"href":"https:\/\/www.mundolinhaviva.com.br\/blog\/wp-json\/wp\/v2\/comments?post=2609"}],"version-history":[{"count":2,"href":"https:\/\/www.mundolinhaviva.com.br\/blog\/wp-json\/wp\/v2\/posts\/2609\/revisions"}],"predecessor-version":[{"id":2616,"href":"https:\/\/www.mundolinhaviva.com.br\/blog\/wp-json\/wp\/v2\/posts\/2609\/revisions\/2616"}],"wp:featuredmedia":[{"embeddable":true,"href":"https:\/\/www.mundolinhaviva.com.br\/blog\/wp-json\/wp\/v2\/media\/2610"}],"wp:attachment":[{"href":"https:\/\/www.mundolinhaviva.com.br\/blog\/wp-json\/wp\/v2\/media?parent=2609"}],"wp:term":[{"taxonomy":"category","embeddable":true,"href":"https:\/\/www.mundolinhaviva.com.br\/blog\/wp-json\/wp\/v2\/categories?post=2609"},{"taxonomy":"post_tag","embeddable":true,"href":"https:\/\/www.mundolinhaviva.com.br\/blog\/wp-json\/wp\/v2\/tags?post=2609"}],"curies":[{"name":"wp","href":"https:\/\/api.w.org\/{rel}","templated":true}]}}