{"id":2633,"date":"2024-03-19T14:45:10","date_gmt":"2024-03-19T17:45:10","guid":{"rendered":"https:\/\/www.mundolinhaviva.com.br\/blog\/?p=2633"},"modified":"2024-03-19T14:47:11","modified_gmt":"2024-03-19T17:47:11","slug":"colete-refletivo-aplicacoes-e-vantagens","status":"publish","type":"post","link":"https:\/\/www.mundolinhaviva.com.br\/blog\/colete-refletivo-aplicacoes-e-vantagens\/","title":{"rendered":"Colete refletivo: Saiba onde comprar!"},"content":{"rendered":"<span class=\"rt-reading-time\" style=\"display: block;\"><span class=\"rt-label rt-prefix\">Tempo de leitura<\/span> <span class=\"rt-time\">5<\/span> <span class=\"rt-label rt-postfix\">minutos<\/span><\/span>\n<p><\/p>\n\n\n\n<p><strong><em>Quer conhecer a import\u00e2ncia e funcionalidade do colete refletivo? Continue lendo esse artigo!<\/em><\/strong><\/p>\n\n\n\n<p>Seja em canteiros de obras movimentados ou em estradas escuras, a seguran\u00e7a \u00e9 primordial. Nesses ambientes, um item essencial \u00e9 o colete refletivo. Mas o que \u00e9 exatamente um colete refletivo e por que ele \u00e9 t\u00e3o crucial?<\/p>\n\n\n\n<div id=\"ez-toc-container\" class=\"ez-toc-v2_0_62 counter-hierarchy ez-toc-counter ez-toc-white ez-toc-container-direction\">\n<div class=\"ez-toc-title-container\">\n<p class=\"ez-toc-title \" >O que abordaremos neste artigo:<\/p>\n<span class=\"ez-toc-title-toggle\"><a href=\"#\" class=\"ez-toc-pull-right ez-toc-btn ez-toc-btn-xs ez-toc-btn-default ez-toc-toggle\" aria-label=\"Toggle Table of Content\"><span class=\"ez-toc-js-icon-con\"><span class=\"\"><span class=\"eztoc-hide\" style=\"display:none;\">Toggle<\/span><span class=\"ez-toc-icon-toggle-span\"><svg style=\"fill: #999;color:#999\" xmlns=\"http:\/\/www.w3.org\/2000\/svg\" class=\"list-377408\" width=\"20px\" height=\"20px\" viewBox=\"0 0 24 24\" fill=\"none\"><path d=\"M6 6H4v2h2V6zm14 0H8v2h12V6zM4 11h2v2H4v-2zm16 0H8v2h12v-2zM4 16h2v2H4v-2zm16 0H8v2h12v-2z\" fill=\"currentColor\"><\/path><\/svg><svg style=\"fill: #999;color:#999\" class=\"arrow-unsorted-368013\" xmlns=\"http:\/\/www.w3.org\/2000\/svg\" width=\"10px\" height=\"10px\" viewBox=\"0 0 24 24\" version=\"1.2\" baseProfile=\"tiny\"><path d=\"M18.2 9.3l-6.2-6.3-6.2 6.3c-.2.2-.3.4-.3.7s.1.5.3.7c.2.2.4.3.7.3h11c.3 0 .5-.1.7-.3.2-.2.3-.5.3-.7s-.1-.5-.3-.7zM5.8 14.7l6.2 6.3 6.2-6.3c.2-.2.3-.5.3-.7s-.1-.5-.3-.7c-.2-.2-.4-.3-.7-.3h-11c-.3 0-.5.1-.7.3-.2.2-.3.5-.3.7s.1.5.3.7z\"\/><\/svg><\/span><\/span><\/span><\/a><\/span><\/div>\n<nav><ul class='ez-toc-list ez-toc-list-level-1 ' ><li class='ez-toc-page-1 ez-toc-heading-level-2'><a class=\"ez-toc-link ez-toc-heading-1\" href=\"https:\/\/www.mundolinhaviva.com.br\/blog\/colete-refletivo-aplicacoes-e-vantagens\/#O_que_e_e_para_que_serve_o_colete_refletivo\" title=\"O que \u00e9 e para que serve o colete refletivo?\">O que \u00e9 e para que serve o colete refletivo?<\/a><\/li><li class='ez-toc-page-1 ez-toc-heading-level-2'><a class=\"ez-toc-link ez-toc-heading-2\" href=\"https:\/\/www.mundolinhaviva.com.br\/blog\/colete-refletivo-aplicacoes-e-vantagens\/#Caracteristicas_do_colete_refletivo_Vicsa_RFX\" title=\"Caracter\u00edsticas do colete refletivo: Vicsa RFX\">Caracter\u00edsticas do colete refletivo: Vicsa RFX<\/a><\/li><li class='ez-toc-page-1 ez-toc-heading-level-2'><a class=\"ez-toc-link ez-toc-heading-3\" href=\"https:\/\/www.mundolinhaviva.com.br\/blog\/colete-refletivo-aplicacoes-e-vantagens\/#Por_que_comprar_colete_refletivo_Confira_as_VANTAGENS\" title=\"Por que comprar colete refletivo? [Confira as VANTAGENS]\">Por que comprar colete refletivo? [Confira as VANTAGENS]<\/a><\/li><li class='ez-toc-page-1 ez-toc-heading-level-2'><a class=\"ez-toc-link ez-toc-heading-4\" href=\"https:\/\/www.mundolinhaviva.com.br\/blog\/colete-refletivo-aplicacoes-e-vantagens\/#Quem_deve_usar_colete_refletivo\" title=\"Quem deve usar colete refletivo?\">Quem deve usar colete refletivo?<\/a><\/li><li class='ez-toc-page-1 ez-toc-heading-level-2'><a class=\"ez-toc-link ez-toc-heading-5\" href=\"https:\/\/www.mundolinhaviva.com.br\/blog\/colete-refletivo-aplicacoes-e-vantagens\/#Mundo_Linha_Viva_Seu_fornecedor_de_colete_refletivo_em_Sao_Paulo\" title=\"Mundo Linha Viva: Seu fornecedor de colete refletivo em S\u00e3o Paulo\">Mundo Linha Viva: Seu fornecedor de colete refletivo em S\u00e3o Paulo<\/a><\/li><\/ul><\/nav><\/div>\n<h2 class=\"wp-block-heading\"><span class=\"ez-toc-section\" id=\"O_que_e_e_para_que_serve_o_colete_refletivo\"><\/span>O que \u00e9 e para que serve o colete refletivo?<span class=\"ez-toc-section-end\"><\/span><\/h2>\n\n\n\n<p>O colete refletivo \u00e9<strong> um equipamento de seguran\u00e7a que aumenta a visibilidade do usu\u00e1rio em ambientes com pouca luz<\/strong>.<\/p>\n\n\n\n<p>Feito com materiais retrorefletivos e fluorescentes, ele reflete a luz de fontes externas, como far\u00f3is de ve\u00edculos, tornando o usu\u00e1rio mais vis\u00edvel e reduzindo o risco de acidentes.<\/p>\n\n\n\n<p>\u00c9 amplamente utilizado por trabalhadores em \u00e1reas de constru\u00e7\u00e3o, em estradas e em situa\u00e7\u00f5es onde a visibilidade \u00e9 essencial para a seguran\u00e7a.<\/p>\n\n\n\n<ul>\n<li><strong>Leia tamb\u00e9m<\/strong>: <a href=\"https:\/\/www.mundolinhaviva.com.br\/blog\/perneira-de-protecao-aplicacoes-e-vantagens\/\">Perneira de prote\u00e7\u00e3o: Saiba como escolher a melhor op\u00e7\u00e3o<\/a><\/li>\n<\/ul>\n\n\n\n<h2 class=\"wp-block-heading\"><span class=\"ez-toc-section\" id=\"Caracteristicas_do_colete_refletivo_Vicsa_RFX\"><\/span>Caracter\u00edsticas do colete refletivo: Vicsa RFX<span class=\"ez-toc-section-end\"><\/span><\/h2>\n\n\n<div class=\"wp-block-image\">\n<figure class=\"aligncenter size-full is-resized\"><img decoding=\"async\" loading=\"lazy\" src=\"https:\/\/www.mundolinhaviva.com.br\/blog\/wp-content\/uploads\/2024\/03\/colete-2.jpg\" alt=\"colete refletivo\" class=\"wp-image-2635\" width=\"472\" height=\"314\" srcset=\"https:\/\/www.mundolinhaviva.com.br\/blog\/wp-content\/uploads\/2024\/03\/colete-2.jpg 740w, https:\/\/www.mundolinhaviva.com.br\/blog\/wp-content\/uploads\/2024\/03\/colete-2-300x200.jpg 300w\" sizes=\"(max-width: 472px) 100vw, 472px\" \/><\/figure><\/div>\n\n\n<p>O Colete 1 Bolso RFX Refletivo, da marca Steelpro Vicsa, \u00e9 um exemplo exemplar deste equipamento. Vejamos suas caracter\u00edsticas:<\/p>\n\n\n\n<ul>\n<li><strong>Cor laranja<\/strong>: Alta visibilidade mesmo em condi\u00e7\u00f5es de baixa luminosidade;<\/li>\n\n\n\n<li><strong>Material retrorrefletivo e fluorescente<\/strong>: Combina\u00e7\u00e3o que garante m\u00e1xima visibilidade;<\/li>\n\n\n\n<li><strong>Fechamento em z\u00edper<\/strong>: Mais dur\u00e1vel e seguro do que velcro;<\/li>\n\n\n\n<li><strong>Tiras reflexivas de 2 polegadas de largura<\/strong>: Aumentam a visibilidade do usu\u00e1rio;<\/li>\n\n\n\n<li><strong>Faixas refletivas em X nas costas e duplo H na parte frontal<\/strong>: Mais pontos de reflex\u00e3o para uma seguran\u00e7a adicional;<\/li>\n\n\n\n<li><strong>100% poli\u00e9ster<\/strong>: Dur\u00e1vel e resistente ao desgaste.<\/li>\n<\/ul>\n\n\n\n<h2 class=\"wp-block-heading\"><span class=\"ez-toc-section\" id=\"Por_que_comprar_colete_refletivo_Confira_as_VANTAGENS\"><\/span>Por que comprar colete refletivo? [Confira as VANTAGENS]<span class=\"ez-toc-section-end\"><\/span><\/h2>\n\n\n\n<p>Existem diversas vantagens em adquirir um colete refletivo, especialmente para quem trabalha em ambientes com baixa visibilidade ou em atividades ao ar livre durante a noite. Aqui est\u00e3o cinco vantagens importantes:<\/p>\n\n\n\n<ol>\n<li><strong>Seguran\u00e7a pessoal<\/strong>:<\/li>\n<\/ol>\n\n\n\n<p>Esse material aumenta significativamente a visibilidade do usu\u00e1rio em condi\u00e7\u00f5es de baixa luminosidade, tornando-o mais vis\u00edvel para motoristas e outras pessoas ao redor. Isso reduz o risco de acidentes e aumenta a seguran\u00e7a pessoal do usu\u00e1rio.<\/p>\n\n\n\n<ol start=\"2\">\n<li><strong>Melhoria da produtividade<\/strong>:<\/li>\n<\/ol>\n\n\n\n<p>A seguran\u00e7a no local de trabalho est\u00e1 diretamente relacionada \u00e0 produtividade. Ao investir em equipamentos de prote\u00e7\u00e3o individual, como o colete, os trabalhadores se sentem mais seguros e confiantes em realizar suas tarefas, o que pode levar a um aumento na produtividade e na qualidade do trabalho.<\/p>\n\n\n\n<ol start=\"3\">\n<li><strong>Visibilidade em atividades ao ar livre<\/strong>:<\/li>\n<\/ol>\n\n\n\n<p>Al\u00e9m de ser essencial em ambientes de trabalho, o colete refletivo tamb\u00e9m \u00e9 extremamente \u00fatil para atividades ao ar livre, como ciclismo, corrida e caminhadas noturnas.<\/p>\n\n\n\n<p>Ele torna o usu\u00e1rio mais vis\u00edvel para os motoristas e outros usu\u00e1rios da via, reduzindo o risco de acidentes.<\/p>\n\n\n\n<ol start=\"4\">\n<li><strong>Durabilidade e versatilidade<\/strong>:<\/li>\n<\/ol>\n\n\n\n<p>Os coletes refletivos s\u00e3o geralmente feitos de materiais dur\u00e1veis e resistentes, projetados para suportar condi\u00e7\u00f5es adversas de trabalho e uso prolongado.<\/p>\n\n\n\n<p>Al\u00e9m disso, eles s\u00e3o leves e f\u00e1ceis de usar, podendo ser ajustados para se adequar a diferentes tipos de corpo e serem usados sobre outras roupas de trabalho, garantindo conforto e praticidade.<\/p>\n\n\n\n<ul>\n<li><strong>Leia tamb\u00e9m<\/strong>: <a href=\"https:\/\/www.mundolinhaviva.com.br\/blog\/carneira-para-capacete-conheca-as-particularidades\/\">Carneira para capacete: Potencializando a seguran\u00e7a individual<\/a><\/li>\n<\/ul>\n\n\n<div class=\"wp-block-image\">\n<figure class=\"aligncenter size-full\"><a href=\"https:\/\/www.mundolinhavivaloja.com.br\/\"><img decoding=\"async\" loading=\"lazy\" width=\"750\" height=\"200\" src=\"https:\/\/www.mundolinhaviva.com.br\/blog\/wp-content\/uploads\/2023\/11\/cta-produtos.jpeg\" alt=\"\" class=\"wp-image-2460\" srcset=\"https:\/\/www.mundolinhaviva.com.br\/blog\/wp-content\/uploads\/2023\/11\/cta-produtos.jpeg 750w, https:\/\/www.mundolinhaviva.com.br\/blog\/wp-content\/uploads\/2023\/11\/cta-produtos-300x80.jpeg 300w\" sizes=\"(max-width: 750px) 100vw, 750px\" \/><\/a><\/figure><\/div>\n\n\n<h2 class=\"wp-block-heading\"><span class=\"ez-toc-section\" id=\"Quem_deve_usar_colete_refletivo\"><\/span>Quem deve usar colete refletivo?<span class=\"ez-toc-section-end\"><\/span><\/h2>\n\n\n\n<p>O colete refletivo \u00e9 recomendado para uma variedade de profissionais que trabalham em ambientes com baixa visibilidade, como constru\u00e7\u00e3o civil, obras rodovi\u00e1rias e atividades noturnas.<\/p>\n\n\n\n<p>Al\u00e9m disso, \u00e9 essencial para trabalhadores em \u00e1reas de tr\u00e1fego intenso, como operadores de m\u00e1quinas pesadas e pessoal de resgate.<\/p>\n\n\n\n<p>Qualquer pessoa que precise ser vista pelos motoristas para evitar acidentes deve usar o colete refletivo, tornando-se uma medida crucial de seguran\u00e7a em locais de trabalho potencialmente perigosos.<\/p>\n\n\n\n<ul>\n<li><strong>Leia tamb\u00e9m<\/strong>: <a href=\"https:\/\/www.mundolinhaviva.com.br\/blog\/tela-tapume-aplicacoes-e-vantagens\/\">Tela tapume: Seguran\u00e7a para suas obras<\/a><\/li>\n<\/ul>\n\n\n\n<h2 class=\"wp-block-heading\"><span class=\"ez-toc-section\" id=\"Mundo_Linha_Viva_Seu_fornecedor_de_colete_refletivo_em_Sao_Paulo\"><\/span>Mundo Linha Viva: Seu fornecedor de colete refletivo em S\u00e3o Paulo<span class=\"ez-toc-section-end\"><\/span><\/h2>\n\n\n\n<p>O <a href=\"https:\/\/www.mundolinhaviva.com.br\/empresa\/\">Mundo Linha Viva<\/a> \u00e9 a escolha ideal quando se trata de adquirir equipamentos de prote\u00e7\u00e3o individual, incluindo os coletes refletivos.<\/p>\n\n\n\n<p>Com uma ampla gama de produtos de alta qualidade e um servi\u00e7o ao cliente excepcional, somos a op\u00e7\u00e3o preferida para empresas em S\u00e3o Paulo e regi\u00e3o.<\/p>\n\n\n\n<p>Nossa empresa \u00e9 especializada na distribui\u00e7\u00e3o de Equipamentos de Prote\u00e7\u00e3o Individual, Uniformes Profissionais e Ferramentas.<\/p>\n\n\n\n<p>Com uma equipe de consultores comerciais altamente treinados e comprometidos em fornecer o melhor atendimento, estamos sempre prontos para atender \u00e0s necessidades de nossos clientes.<\/p>\n\n\n\n<p class=\"has-text-align-center\">N\u00e3o comprometa sua seguran\u00e7a. <a href=\"https:\/\/www.mundolinhaviva.com.br\/contato\/\">Entre em contato<\/a> conosco ou acesse nossa <a href=\"https:\/\/www.mundolinhavivaloja.com.br\/\">loja virtual<\/a> hoje mesmo e descubra como podemos ajud\u00e1-lo a manter-se protegido no local de trabalho!<\/p>\n\n\n\n<ul>\n<li><strong>Leia tamb\u00e9m<\/strong>: <a href=\"https:\/\/www.mundolinhaviva.com.br\/blog\/capa-de-chuva-em-pvc-forrada-comprar\/\">Capa de chuva em pvc forrada: Prote\u00e7\u00e3o total em dias chuvosos!<\/a><\/li>\n<\/ul>\n\n\n\n<figure class=\"wp-block-image size-full is-resized\"><img decoding=\"async\" loading=\"lazy\" src=\"https:\/\/www.mundolinhaviva.com.br\/blog\/wp-content\/uploads\/2023\/10\/logo.png\" alt=\"Mundo Linha Viva\" class=\"wp-image-2370\" width=\"159\" height=\"75\" srcset=\"https:\/\/www.mundolinhaviva.com.br\/blog\/wp-content\/uploads\/2023\/10\/logo.png 380w, https:\/\/www.mundolinhaviva.com.br\/blog\/wp-content\/uploads\/2023\/10\/logo-300x142.png 300w\" sizes=\"(max-width: 159px) 100vw, 159px\" \/><\/figure>\n","protected":false},"excerpt":{"rendered":"<p><span class=\"rt-reading-time\" style=\"display: block;\"><span class=\"rt-label rt-prefix\">Tempo de leitura<\/span> <span class=\"rt-time\">5<\/span> <span class=\"rt-label rt-postfix\">minutos<\/span><\/span> Quer conhecer a import\u00e2ncia e funcionalidade do colete refletivo? Continue lendo esse artigo! Seja em canteiros de obras movimentados ou em estradas escuras, a seguran\u00e7a \u00e9 primordial. Nesses ambientes, um item essencial \u00e9 o colete refletivo. Mas o que \u00e9 exatamente um colete refletivo e por que ele \u00e9 t\u00e3o crucial? O que \u00e9 e &hellip; <\/p>\n","protected":false},"author":2,"featured_media":2634,"comment_status":"closed","ping_status":"open","sticky":false,"template":"","format":"standard","meta":[],"categories":[279],"tags":[5883,5823,5895,5847,5811,5799,5919,5907,5835,5859,5787,5871,5882,5822,5894,5846,5810,5798,5918,5906,5834,5858,5786,5870,5881,5880,5820,5892,5844,5808,5796,5916,5904,5832,5856,5784,5868,5821,5893,5845,5809,5797,5917,5905,5833,5857,5785,5869,5876,5816,5888,5840,5804,5792,5912,5900,5828,5852,5780,5864,5885,5825,5897,5849,5813,5801,5921,5909,5837,5861,5789,5873,5884,5824,5896,5848,5812,5800,5920,5908,5836,5860,5788,5872,5879,5819,5891,5843,5807,5795,5915,5903,5831,5855,5783,5867,5886,5826,5898,5850,5814,5802,5922,5910,5838,5862,5790,5874,5887,5827,5899,5851,5815,5803,5923,5911,5839,5863,5791,5875,5877,5817,5889,5841,5805,5793,5913,5901,5829,5853,5781,5865,5878,5818,5890,5842,5806,5794,5914,5902,5830,5854,5782,5866,5715,5714,5713,5712,5708,5717,5716,5711,5718,5719,5709,5710,5751,5750,5749,5748,5744,5753,5752,5747,5754,5755,5745,5746,5763,5762,5761,5760,5756,5765,5764,5759,5766,5767,5757,5758,5727,5726,5725,5724,5720,5729,5728,5723,5730,5731,5721,5722,5739,5738,5737,5736,5732,5741,5740,5735,5742,5743,5733,5734,5775,5774,5773,5772,5768,5777,5776,5771,5778,5779,5769,5770,5703,5702,5701,5700,5705,5704,5699,5706,5707,5697,5698],"yoast_head":"<!-- This site is optimized with the Yoast SEO plugin v21.5 - https:\/\/yoast.com\/wordpress\/plugins\/seo\/ -->\n<title>Colete refletivo: Saiba onde comprar!<\/title>\n<meta name=\"description\" content=\"Melhore sua visibilidade e seguran\u00e7a com o coleto refletivo. Descubra como este acess\u00f3rio pode salvar vidas. Garanta o seu hoje!\" \/>\n<meta name=\"robots\" content=\"noindex, follow, max-snippet:-1, max-image-preview:large, max-video-preview:-1\" \/>\n<meta property=\"og:locale\" content=\"pt_BR\" \/>\n<meta property=\"og:type\" content=\"article\" \/>\n<meta property=\"og:title\" content=\"Colete refletivo: Saiba onde comprar!\" \/>\n<meta property=\"og:description\" content=\"Melhore sua visibilidade e seguran\u00e7a com o coleto refletivo. Descubra como este acess\u00f3rio pode salvar vidas. Garanta o seu hoje!\" \/>\n<meta property=\"og:url\" content=\"https:\/\/www.mundolinhaviva.com.br\/blog\/colete-refletivo-aplicacoes-e-vantagens\/\" \/>\n<meta property=\"og:site_name\" content=\"Mundo Linha Viva\" \/>\n<meta property=\"article:publisher\" content=\"https:\/\/www.facebook.com\/MUNDO-LINHA-VIVA-Equipamentos-de-seguran%c3%a7a-374736490015498\/?modal=admin_todo_tour\" \/>\n<meta property=\"article:published_time\" content=\"2024-03-19T17:45:10+00:00\" \/>\n<meta property=\"article:modified_time\" content=\"2024-03-19T17:47:11+00:00\" \/>\n<meta property=\"og:image\" content=\"https:\/\/www.mundolinhaviva.com.br\/blog\/wp-content\/uploads\/2024\/03\/colete.jpg\" \/>\n\t<meta property=\"og:image:width\" content=\"1000\" \/>\n\t<meta property=\"og:image:height\" content=\"1000\" \/>\n\t<meta property=\"og:image:type\" content=\"image\/jpeg\" \/>\n<meta name=\"author\" content=\"Mundo Linha Viva\" \/>\n<meta name=\"twitter:card\" content=\"summary_large_image\" \/>\n<meta name=\"twitter:label1\" content=\"Escrito por\" \/>\n\t<meta name=\"twitter:data1\" content=\"Mundo Linha Viva\" \/>\n\t<meta name=\"twitter:label2\" content=\"Est. tempo de leitura\" \/>\n\t<meta name=\"twitter:data2\" content=\"5 minutos\" \/>\n<script type=\"application\/ld+json\" class=\"yoast-schema-graph\">{\"@context\":\"https:\/\/schema.org\",\"@graph\":[{\"@type\":\"Article\",\"@id\":\"https:\/\/www.mundolinhaviva.com.br\/blog\/colete-refletivo-aplicacoes-e-vantagens\/#article\",\"isPartOf\":{\"@id\":\"https:\/\/www.mundolinhaviva.com.br\/blog\/colete-refletivo-aplicacoes-e-vantagens\/\"},\"author\":{\"name\":\"Mundo Linha Viva\",\"@id\":\"https:\/\/www.mundolinhaviva.com.br\/blog\/#\/schema\/person\/7239328c4d8fdd191d00be520bd49ff0\"},\"headline\":\"Colete refletivo: Saiba onde comprar!\",\"datePublished\":\"2024-03-19T17:45:10+00:00\",\"dateModified\":\"2024-03-19T17:47:11+00:00\",\"mainEntityOfPage\":{\"@id\":\"https:\/\/www.mundolinhaviva.com.br\/blog\/colete-refletivo-aplicacoes-e-vantagens\/\"},\"wordCount\":758,\"publisher\":{\"@id\":\"https:\/\/www.mundolinhaviva.com.br\/blog\/#organization\"},\"keywords\":[\"Colete de prote\u00e7\u00e3o refletivo em Ferraz de Vasconcelos\",\"Colete de prote\u00e7\u00e3o refletivo em Mogi\",\"Colete de prote\u00e7\u00e3o refletivo em Po\u00e1\",\"Colete de prote\u00e7\u00e3o refletivo em promo\u00e7\u00e3o\",\"Colete de prote\u00e7\u00e3o refletivo em s\u00e3o paulo\",\"Colete de prote\u00e7\u00e3o refletivo em sp\",\"Colete de prote\u00e7\u00e3o refletivo em Suzano\",\"Colete de prote\u00e7\u00e3o refletivo na Zona Leste\",\"Colete de prote\u00e7\u00e3o refletivo no Aruj\u00e1\",\"Colete de prote\u00e7\u00e3o refletivo perto de mim\",\"Colete de prote\u00e7\u00e3o refletivo pre\u00e7o\",\"Colete de prote\u00e7\u00e3o refletivo pr\u00f3ximo a mim\",\"Colete de seguran\u00e7a em Ferraz de Vasconcelos\",\"Colete de seguran\u00e7a em Mogi\",\"Colete de seguran\u00e7a em Po\u00e1\",\"Colete de seguran\u00e7a em promo\u00e7\u00e3o\",\"Colete de seguran\u00e7a em s\u00e3o paulo\",\"Colete de seguran\u00e7a em sp\",\"Colete de seguran\u00e7a em Suzano\",\"Colete de seguran\u00e7a na Zona Leste\",\"Colete de seguran\u00e7a no Aruj\u00e1\",\"Colete de seguran\u00e7a perto de mim\",\"Colete de seguran\u00e7a pre\u00e7o\",\"Colete de seguran\u00e7a pr\u00f3ximo a mim\",\"Colete de sinaliza\u00e7\u00e3o em Ferraz de Vasconcelos\",\"Colete de sinaliza\u00e7\u00e3o em manta em Ferraz de Vasconcelos\",\"Colete de sinaliza\u00e7\u00e3o em manta em Mogi\",\"Colete de sinaliza\u00e7\u00e3o em manta em Po\u00e1\",\"Colete de sinaliza\u00e7\u00e3o em manta em promo\u00e7\u00e3o\",\"Colete de sinaliza\u00e7\u00e3o em manta em s\u00e3o paulo\",\"Colete de sinaliza\u00e7\u00e3o em manta em sp\",\"Colete de sinaliza\u00e7\u00e3o em manta em Suzano\",\"Colete de sinaliza\u00e7\u00e3o em manta na Zona Leste\",\"Colete de sinaliza\u00e7\u00e3o em manta no Aruj\u00e1\",\"Colete de sinaliza\u00e7\u00e3o em manta perto de mim\",\"Colete de sinaliza\u00e7\u00e3o em manta pre\u00e7o\",\"Colete de sinaliza\u00e7\u00e3o em manta pr\u00f3ximo a mim\",\"Colete de sinaliza\u00e7\u00e3o em Mogi\",\"Colete de sinaliza\u00e7\u00e3o em Po\u00e1\",\"Colete de sinaliza\u00e7\u00e3o em promo\u00e7\u00e3o\",\"Colete de sinaliza\u00e7\u00e3o em s\u00e3o paulo\",\"Colete de sinaliza\u00e7\u00e3o em sp\",\"Colete de sinaliza\u00e7\u00e3o em Suzano\",\"Colete de sinaliza\u00e7\u00e3o na Zona Leste\",\"Colete de sinaliza\u00e7\u00e3o no Aruj\u00e1\",\"Colete de sinaliza\u00e7\u00e3o perto de mim\",\"Colete de sinaliza\u00e7\u00e3o pre\u00e7o\",\"Colete de sinaliza\u00e7\u00e3o pr\u00f3ximo a mim\",\"colete refletivo em Ferraz de Vasconcelos\",\"colete refletivo em Mogi\",\"colete refletivo em Po\u00e1\",\"colete refletivo em promo\u00e7\u00e3o\",\"colete refletivo em s\u00e3o paulo\",\"colete refletivo em sp\",\"colete refletivo em Suzano\",\"colete refletivo na Zona Leste\",\"colete refletivo no Aruj\u00e1\",\"colete refletivo perto de mim\",\"colete refletivo pre\u00e7o\",\"colete refletivo pr\u00f3ximo a mim\",\"Colete refletivo RLX em Ferraz de Vasconcelos\",\"Colete refletivo RLX em Mogi\",\"Colete refletivo RLX em Po\u00e1\",\"Colete refletivo RLX em promo\u00e7\u00e3o\",\"Colete refletivo RLX em s\u00e3o paulo\",\"Colete refletivo RLX em sp\",\"Colete refletivo RLX em Suzano\",\"Colete refletivo RLX na Zona Leste\",\"Colete refletivo RLX no Aruj\u00e1\",\"Colete refletivo RLX perto de mim\",\"Colete refletivo RLX pre\u00e7o\",\"Colete refletivo RLX pr\u00f3ximo a mim\",\"Colete refletivo Vicsa em Ferraz de Vasconcelos\",\"Colete refletivo Vicsa em Mogi\",\"Colete refletivo Vicsa em Po\u00e1\",\"Colete refletivo Vicsa em promo\u00e7\u00e3o\",\"Colete refletivo Vicsa em s\u00e3o paulo\",\"Colete refletivo Vicsa em sp\",\"Colete refletivo Vicsa em Suzano\",\"Colete refletivo Vicsa na Zona Leste\",\"Colete refletivo Vicsa no Aruj\u00e1\",\"Colete refletivo Vicsa perto de mim\",\"Colete refletivo Vicsa pre\u00e7o\",\"Colete refletivo Vicsa pr\u00f3ximo a mim\",\"Colete refletor em Ferraz de Vasconcelos\",\"Colete refletor em Mogi\",\"Colete refletor em Po\u00e1\",\"Colete refletor em promo\u00e7\u00e3o\",\"Colete refletor em s\u00e3o paulo\",\"Colete refletor em sp\",\"Colete refletor em Suzano\",\"Colete refletor na Zona Leste\",\"Colete refletor no Aruj\u00e1\",\"Colete refletor perto de mim\",\"Colete refletor pre\u00e7o\",\"Colete refletor pr\u00f3ximo a mim\",\"Colete RFX refletivo em Ferraz de Vasconcelos\",\"Colete RFX refletivo em Mogi\",\"Colete RFX refletivo em Po\u00e1\",\"Colete RFX refletivo em promo\u00e7\u00e3o\",\"Colete RFX refletivo em s\u00e3o paulo\",\"Colete RFX refletivo em sp\",\"Colete RFX refletivo em Suzano\",\"Colete RFX refletivo na Zona Leste\",\"Colete RFX refletivo no Aruj\u00e1\",\"Colete RFX refletivo perto de mim\",\"Colete RFX refletivo pre\u00e7o\",\"Colete RFX refletivo pr\u00f3ximo a mim\",\"Colete Vicsa refletivo em Ferraz de Vasconcelos\",\"Colete Vicsa refletivo em Mogi\",\"Colete Vicsa refletivo em Po\u00e1\",\"Colete Vicsa refletivo em promo\u00e7\u00e3o\",\"Colete Vicsa refletivo em s\u00e3o paulo\",\"Colete Vicsa refletivo em sp\",\"Colete Vicsa refletivo em Suzano\",\"Colete Vicsa refletivo na Zona Leste\",\"Colete Vicsa refletivo no Aruj\u00e1\",\"Colete Vicsa refletivo perto de mim\",\"Colete Vicsa refletivo pre\u00e7o\",\"Colete Vicsa refletivo pr\u00f3ximo a mim\",\"coletes refletivo em Ferraz de Vasconcelos\",\"coletes refletivo em Mogi\",\"coletes refletivo em Po\u00e1\",\"coletes refletivo em promo\u00e7\u00e3o\",\"coletes refletivo em s\u00e3o paulo\",\"coletes refletivo em sp\",\"coletes refletivo em Suzano\",\"coletes refletivo na Zona Leste\",\"coletes refletivo no Aruj\u00e1\",\"coletes refletivo perto de mim\",\"coletes refletivo pre\u00e7o\",\"coletes refletivo pr\u00f3ximo a mim\",\"Coletes Refletivos para Dia e Noite em Ferraz de Vasconcelos\",\"Coletes Refletivos para Dia e Noite em Mogi\",\"Coletes Refletivos para Dia e Noite em Po\u00e1\",\"Coletes Refletivos para Dia e Noite em promo\u00e7\u00e3o\",\"Coletes Refletivos para Dia e Noite em s\u00e3o paulo\",\"Coletes Refletivos para Dia e Noite em sp\",\"Coletes Refletivos para Dia e Noite em Suzano\",\"Coletes Refletivos para Dia e Noite na Zona Leste\",\"Coletes Refletivos para Dia e Noite no Aruj\u00e1\",\"Coletes Refletivos para Dia e Noite perto de mim\",\"Coletes Refletivos para Dia e Noite pre\u00e7o\",\"Coletes Refletivos para Dia e Noite pr\u00f3ximo a mim\",\"comprar Colete de prote\u00e7\u00e3o refletivo\",\"comprar Colete de seguran\u00e7a\",\"comprar Colete de sinaliza\u00e7\u00e3o\",\"comprar Colete de sinaliza\u00e7\u00e3o em manta\",\"comprar colete refletivo\",\"comprar Colete refletivo RLX\",\"comprar Colete refletivo Vicsa\",\"comprar Colete refletor\",\"comprar Colete RFX refletivo\",\"comprar Colete Vicsa refletivo\",\"comprar coletes refletivo\",\"comprar Coletes Refletivos para Dia e Noite\",\"distribuidor de Colete de prote\u00e7\u00e3o refletivo\",\"distribuidor de Colete de seguran\u00e7a\",\"distribuidor de Colete de sinaliza\u00e7\u00e3o\",\"distribuidor de Colete de sinaliza\u00e7\u00e3o em manta\",\"distribuidor de colete refletivo\",\"distribuidor de Colete refletivo RLX\",\"distribuidor de Colete refletivo Vicsa\",\"distribuidor de Colete refletor\",\"distribuidor de Colete RFX refletivo\",\"distribuidor de Colete Vicsa refletivo\",\"distribuidor de coletes refletivo\",\"distribuidor de Coletes Refletivos para Dia e Noite\",\"distribuidora de Colete de prote\u00e7\u00e3o refletivo\",\"distribuidora de Colete de seguran\u00e7a\",\"distribuidora de Colete de sinaliza\u00e7\u00e3o\",\"distribuidora de Colete de sinaliza\u00e7\u00e3o em manta\",\"distribuidora de colete refletivo\",\"distribuidora de Colete refletivo RLX\",\"distribuidora de Colete refletivo Vicsa\",\"distribuidora de Colete refletor\",\"distribuidora de Colete RFX refletivo\",\"distribuidora de Colete Vicsa refletivo\",\"distribuidora de coletes refletivo\",\"distribuidora de Coletes Refletivos para Dia e Noite\",\"empresa de Colete de prote\u00e7\u00e3o refletivo\",\"empresa de Colete de seguran\u00e7a\",\"empresa de Colete de sinaliza\u00e7\u00e3o\",\"empresa de Colete de sinaliza\u00e7\u00e3o em manta\",\"empresa de colete refletivo\",\"empresa de Colete refletivo RLX\",\"empresa de Colete refletivo Vicsa\",\"empresa de Colete refletor\",\"empresa de Colete RFX refletivo\",\"empresa de Colete Vicsa refletivo\",\"empresa de coletes refletivo\",\"empresa de Coletes Refletivos para Dia e Noite\",\"fornecedor de Colete de prote\u00e7\u00e3o refletivo\",\"fornecedor de Colete de seguran\u00e7a\",\"fornecedor de Colete de sinaliza\u00e7\u00e3o\",\"fornecedor de Colete de sinaliza\u00e7\u00e3o em manta\",\"fornecedor de colete refletivo\",\"fornecedor de Colete refletivo RLX\",\"fornecedor de Colete refletivo Vicsa\",\"fornecedor de Colete refletor\",\"fornecedor de Colete RFX refletivo\",\"fornecedor de Colete Vicsa refletivo\",\"fornecedor de coletes refletivo\",\"fornecedor de Coletes Refletivos para Dia e Noite\",\"loja de Colete de prote\u00e7\u00e3o refletivo\",\"loja de Colete de seguran\u00e7a\",\"loja de Colete de sinaliza\u00e7\u00e3o\",\"loja de Colete de sinaliza\u00e7\u00e3o em manta\",\"loja de colete refletivo\",\"loja de Colete refletivo RLX\",\"loja de Colete refletivo Vicsa\",\"loja de Colete refletor\",\"loja de Colete RFX refletivo\",\"loja de Colete Vicsa refletivo\",\"loja de coletes refletivo\",\"loja de Coletes Refletivos para Dia e Noite\",\"onde encontrar Colete de prote\u00e7\u00e3o refletivo\",\"onde encontrar Colete de seguran\u00e7a\",\"onde encontrar Colete de sinaliza\u00e7\u00e3o\",\"onde encontrar Colete de sinaliza\u00e7\u00e3o em manta\",\"onde encontrar Colete refletivo RLX\",\"onde encontrar Colete refletivo Vicsa\",\"onde encontrar Colete refletor\",\"onde encontrar Colete RFX refletivo\",\"onde encontrar Colete Vicsa refletivo\",\"onde encontrar coletes refletivo\",\"onde encontrar Coletes Refletivos para Dia e Noite\"],\"articleSection\":[\"Uniformes profissionais\"],\"inLanguage\":\"pt-BR\"},{\"@type\":\"WebPage\",\"@id\":\"https:\/\/www.mundolinhaviva.com.br\/blog\/colete-refletivo-aplicacoes-e-vantagens\/\",\"url\":\"https:\/\/www.mundolinhaviva.com.br\/blog\/colete-refletivo-aplicacoes-e-vantagens\/\",\"name\":\"Colete refletivo: Saiba onde comprar!\",\"isPartOf\":{\"@id\":\"https:\/\/www.mundolinhaviva.com.br\/blog\/#website\"},\"datePublished\":\"2024-03-19T17:45:10+00:00\",\"dateModified\":\"2024-03-19T17:47:11+00:00\",\"description\":\"Melhore sua visibilidade e seguran\u00e7a com o coleto refletivo. Descubra como este acess\u00f3rio pode salvar vidas. Garanta o seu hoje!\",\"breadcrumb\":{\"@id\":\"https:\/\/www.mundolinhaviva.com.br\/blog\/colete-refletivo-aplicacoes-e-vantagens\/#breadcrumb\"},\"inLanguage\":\"pt-BR\",\"potentialAction\":[{\"@type\":\"ReadAction\",\"target\":[\"https:\/\/www.mundolinhaviva.com.br\/blog\/colete-refletivo-aplicacoes-e-vantagens\/\"]}]},{\"@type\":\"BreadcrumbList\",\"@id\":\"https:\/\/www.mundolinhaviva.com.br\/blog\/colete-refletivo-aplicacoes-e-vantagens\/#breadcrumb\",\"itemListElement\":[{\"@type\":\"ListItem\",\"position\":1,\"name\":\"Home\",\"item\":\"https:\/\/www.mundolinhaviva.com.br\/blog\/\"},{\"@type\":\"ListItem\",\"position\":2,\"name\":\"Uniformes profissionais\",\"item\":\"https:\/\/www.mundolinhaviva.com.br\/blog\/uniformes-profissionais\/\"},{\"@type\":\"ListItem\",\"position\":3,\"name\":\"Colete refletivo: Saiba onde comprar!\"}]},{\"@type\":\"WebSite\",\"@id\":\"https:\/\/www.mundolinhaviva.com.br\/blog\/#website\",\"url\":\"https:\/\/www.mundolinhaviva.com.br\/blog\/\",\"name\":\"Mundo Linha Viva\",\"description\":\"Blog - Mundo Linha Viva\",\"publisher\":{\"@id\":\"https:\/\/www.mundolinhaviva.com.br\/blog\/#organization\"},\"potentialAction\":[{\"@type\":\"SearchAction\",\"target\":{\"@type\":\"EntryPoint\",\"urlTemplate\":\"https:\/\/www.mundolinhaviva.com.br\/blog\/?s={search_term_string}\"},\"query-input\":\"required name=search_term_string\"}],\"inLanguage\":\"pt-BR\"},{\"@type\":\"Organization\",\"@id\":\"https:\/\/www.mundolinhaviva.com.br\/blog\/#organization\",\"name\":\"Mundo Linha Viva\",\"url\":\"https:\/\/www.mundolinhaviva.com.br\/blog\/\",\"logo\":{\"@type\":\"ImageObject\",\"inLanguage\":\"pt-BR\",\"@id\":\"https:\/\/www.mundolinhaviva.com.br\/blog\/#\/schema\/logo\/image\/\",\"url\":\"https:\/\/www.mundolinhaviva.com.br\/site-22\/wp-content\/uploads\/2018\/11\/logo-mlv-1.png\",\"contentUrl\":\"https:\/\/www.mundolinhaviva.com.br\/site-22\/wp-content\/uploads\/2018\/11\/logo-mlv-1.png\",\"width\":259,\"height\":56,\"caption\":\"Mundo Linha Viva\"},\"image\":{\"@id\":\"https:\/\/www.mundolinhaviva.com.br\/blog\/#\/schema\/logo\/image\/\"},\"sameAs\":[\"https:\/\/www.facebook.com\/MUNDO-LINHA-VIVA-Equipamentos-de-seguran\u00e7a-374736490015498\/?modal=admin_todo_tour\"]},{\"@type\":\"Person\",\"@id\":\"https:\/\/www.mundolinhaviva.com.br\/blog\/#\/schema\/person\/7239328c4d8fdd191d00be520bd49ff0\",\"name\":\"Mundo Linha Viva\"}]}<\/script>\n<!-- \/ Yoast SEO plugin. -->","yoast_head_json":{"title":"Colete refletivo: Saiba onde comprar!","description":"Melhore sua visibilidade e seguran\u00e7a com o coleto refletivo. Descubra como este acess\u00f3rio pode salvar vidas. Garanta o seu hoje!","robots":{"index":"noindex","follow":"follow","max-snippet":"max-snippet:-1","max-image-preview":"max-image-preview:large","max-video-preview":"max-video-preview:-1"},"og_locale":"pt_BR","og_type":"article","og_title":"Colete refletivo: Saiba onde comprar!","og_description":"Melhore sua visibilidade e seguran\u00e7a com o coleto refletivo. Descubra como este acess\u00f3rio pode salvar vidas. Garanta o seu hoje!","og_url":"https:\/\/www.mundolinhaviva.com.br\/blog\/colete-refletivo-aplicacoes-e-vantagens\/","og_site_name":"Mundo Linha Viva","article_publisher":"https:\/\/www.facebook.com\/MUNDO-LINHA-VIVA-Equipamentos-de-seguran%c3%a7a-374736490015498\/?modal=admin_todo_tour","article_published_time":"2024-03-19T17:45:10+00:00","article_modified_time":"2024-03-19T17:47:11+00:00","og_image":[{"width":1000,"height":1000,"url":"https:\/\/www.mundolinhaviva.com.br\/blog\/wp-content\/uploads\/2024\/03\/colete.jpg","type":"image\/jpeg"}],"author":"Mundo Linha Viva","twitter_card":"summary_large_image","twitter_misc":{"Escrito por":"Mundo Linha Viva","Est. tempo de leitura":"5 minutos"},"schema":{"@context":"https:\/\/schema.org","@graph":[{"@type":"Article","@id":"https:\/\/www.mundolinhaviva.com.br\/blog\/colete-refletivo-aplicacoes-e-vantagens\/#article","isPartOf":{"@id":"https:\/\/www.mundolinhaviva.com.br\/blog\/colete-refletivo-aplicacoes-e-vantagens\/"},"author":{"name":"Mundo Linha Viva","@id":"https:\/\/www.mundolinhaviva.com.br\/blog\/#\/schema\/person\/7239328c4d8fdd191d00be520bd49ff0"},"headline":"Colete refletivo: Saiba onde comprar!","datePublished":"2024-03-19T17:45:10+00:00","dateModified":"2024-03-19T17:47:11+00:00","mainEntityOfPage":{"@id":"https:\/\/www.mundolinhaviva.com.br\/blog\/colete-refletivo-aplicacoes-e-vantagens\/"},"wordCount":758,"publisher":{"@id":"https:\/\/www.mundolinhaviva.com.br\/blog\/#organization"},"keywords":["Colete de prote\u00e7\u00e3o refletivo em Ferraz de Vasconcelos","Colete de prote\u00e7\u00e3o refletivo em Mogi","Colete de prote\u00e7\u00e3o refletivo em Po\u00e1","Colete de prote\u00e7\u00e3o refletivo em promo\u00e7\u00e3o","Colete de prote\u00e7\u00e3o refletivo em s\u00e3o paulo","Colete de prote\u00e7\u00e3o refletivo em sp","Colete de prote\u00e7\u00e3o refletivo em Suzano","Colete de prote\u00e7\u00e3o refletivo na Zona Leste","Colete de prote\u00e7\u00e3o refletivo no Aruj\u00e1","Colete de prote\u00e7\u00e3o refletivo perto de mim","Colete de prote\u00e7\u00e3o refletivo pre\u00e7o","Colete de prote\u00e7\u00e3o refletivo pr\u00f3ximo a mim","Colete de seguran\u00e7a em Ferraz de Vasconcelos","Colete de seguran\u00e7a em Mogi","Colete de seguran\u00e7a em Po\u00e1","Colete de seguran\u00e7a em promo\u00e7\u00e3o","Colete de seguran\u00e7a em s\u00e3o paulo","Colete de seguran\u00e7a em sp","Colete de seguran\u00e7a em Suzano","Colete de seguran\u00e7a na Zona Leste","Colete de seguran\u00e7a no Aruj\u00e1","Colete de seguran\u00e7a perto de mim","Colete de seguran\u00e7a pre\u00e7o","Colete de seguran\u00e7a pr\u00f3ximo a mim","Colete de sinaliza\u00e7\u00e3o em Ferraz de Vasconcelos","Colete de sinaliza\u00e7\u00e3o em manta em Ferraz de Vasconcelos","Colete de sinaliza\u00e7\u00e3o em manta em Mogi","Colete de sinaliza\u00e7\u00e3o em manta em Po\u00e1","Colete de sinaliza\u00e7\u00e3o em manta em promo\u00e7\u00e3o","Colete de sinaliza\u00e7\u00e3o em manta em s\u00e3o paulo","Colete de sinaliza\u00e7\u00e3o em manta em sp","Colete de sinaliza\u00e7\u00e3o em manta em Suzano","Colete de sinaliza\u00e7\u00e3o em manta na Zona Leste","Colete de sinaliza\u00e7\u00e3o em manta no Aruj\u00e1","Colete de sinaliza\u00e7\u00e3o em manta perto de mim","Colete de sinaliza\u00e7\u00e3o em manta pre\u00e7o","Colete de sinaliza\u00e7\u00e3o em manta pr\u00f3ximo a mim","Colete de sinaliza\u00e7\u00e3o em Mogi","Colete de sinaliza\u00e7\u00e3o em Po\u00e1","Colete de sinaliza\u00e7\u00e3o em promo\u00e7\u00e3o","Colete de sinaliza\u00e7\u00e3o em s\u00e3o paulo","Colete de sinaliza\u00e7\u00e3o em sp","Colete de sinaliza\u00e7\u00e3o em Suzano","Colete de sinaliza\u00e7\u00e3o na Zona Leste","Colete de sinaliza\u00e7\u00e3o no Aruj\u00e1","Colete de sinaliza\u00e7\u00e3o perto de mim","Colete de sinaliza\u00e7\u00e3o pre\u00e7o","Colete de sinaliza\u00e7\u00e3o pr\u00f3ximo a mim","colete refletivo em Ferraz de Vasconcelos","colete refletivo em Mogi","colete refletivo em Po\u00e1","colete refletivo em promo\u00e7\u00e3o","colete refletivo em s\u00e3o paulo","colete refletivo em sp","colete refletivo em Suzano","colete refletivo na Zona Leste","colete refletivo no Aruj\u00e1","colete refletivo perto de mim","colete refletivo pre\u00e7o","colete refletivo pr\u00f3ximo a mim","Colete refletivo RLX em Ferraz de Vasconcelos","Colete refletivo RLX em Mogi","Colete refletivo RLX em Po\u00e1","Colete refletivo RLX em promo\u00e7\u00e3o","Colete refletivo RLX em s\u00e3o paulo","Colete refletivo RLX em sp","Colete refletivo RLX em Suzano","Colete refletivo RLX na Zona Leste","Colete refletivo RLX no Aruj\u00e1","Colete refletivo RLX perto de mim","Colete refletivo RLX pre\u00e7o","Colete refletivo RLX pr\u00f3ximo a mim","Colete refletivo Vicsa em Ferraz de Vasconcelos","Colete refletivo Vicsa em Mogi","Colete refletivo Vicsa em Po\u00e1","Colete refletivo Vicsa em promo\u00e7\u00e3o","Colete refletivo Vicsa em s\u00e3o paulo","Colete refletivo Vicsa em sp","Colete refletivo Vicsa em Suzano","Colete refletivo Vicsa na Zona Leste","Colete refletivo Vicsa no Aruj\u00e1","Colete refletivo Vicsa perto de mim","Colete refletivo Vicsa pre\u00e7o","Colete refletivo Vicsa pr\u00f3ximo a mim","Colete refletor em Ferraz de Vasconcelos","Colete refletor em Mogi","Colete refletor em Po\u00e1","Colete refletor em promo\u00e7\u00e3o","Colete refletor em s\u00e3o paulo","Colete refletor em sp","Colete refletor em Suzano","Colete refletor na Zona Leste","Colete refletor no Aruj\u00e1","Colete refletor perto de mim","Colete refletor pre\u00e7o","Colete refletor pr\u00f3ximo a mim","Colete RFX refletivo em Ferraz de Vasconcelos","Colete RFX refletivo em Mogi","Colete RFX refletivo em Po\u00e1","Colete RFX refletivo em promo\u00e7\u00e3o","Colete RFX refletivo em s\u00e3o paulo","Colete RFX refletivo em sp","Colete RFX refletivo em Suzano","Colete RFX refletivo na Zona Leste","Colete RFX refletivo no Aruj\u00e1","Colete RFX refletivo perto de mim","Colete RFX refletivo pre\u00e7o","Colete RFX refletivo pr\u00f3ximo a mim","Colete Vicsa refletivo em Ferraz de Vasconcelos","Colete Vicsa refletivo em Mogi","Colete Vicsa refletivo em Po\u00e1","Colete Vicsa refletivo em promo\u00e7\u00e3o","Colete Vicsa refletivo em s\u00e3o paulo","Colete Vicsa refletivo em sp","Colete Vicsa refletivo em Suzano","Colete Vicsa refletivo na Zona Leste","Colete Vicsa refletivo no Aruj\u00e1","Colete Vicsa refletivo perto de mim","Colete Vicsa refletivo pre\u00e7o","Colete Vicsa refletivo pr\u00f3ximo a mim","coletes refletivo em Ferraz de Vasconcelos","coletes refletivo em Mogi","coletes refletivo em Po\u00e1","coletes refletivo em promo\u00e7\u00e3o","coletes refletivo em s\u00e3o paulo","coletes refletivo em sp","coletes refletivo em Suzano","coletes refletivo na Zona Leste","coletes refletivo no Aruj\u00e1","coletes refletivo perto de mim","coletes refletivo pre\u00e7o","coletes refletivo pr\u00f3ximo a mim","Coletes Refletivos para Dia e Noite em Ferraz de Vasconcelos","Coletes Refletivos para Dia e Noite em Mogi","Coletes Refletivos para Dia e Noite em Po\u00e1","Coletes Refletivos para Dia e Noite em promo\u00e7\u00e3o","Coletes Refletivos para Dia e Noite em s\u00e3o paulo","Coletes Refletivos para Dia e Noite em sp","Coletes Refletivos para Dia e Noite em Suzano","Coletes Refletivos para Dia e Noite na Zona Leste","Coletes Refletivos para Dia e Noite no Aruj\u00e1","Coletes Refletivos para Dia e Noite perto de mim","Coletes Refletivos para Dia e Noite pre\u00e7o","Coletes Refletivos para Dia e Noite pr\u00f3ximo a mim","comprar Colete de prote\u00e7\u00e3o refletivo","comprar Colete de seguran\u00e7a","comprar Colete de sinaliza\u00e7\u00e3o","comprar Colete de sinaliza\u00e7\u00e3o em manta","comprar colete refletivo","comprar Colete refletivo RLX","comprar Colete refletivo Vicsa","comprar Colete refletor","comprar Colete RFX refletivo","comprar Colete Vicsa refletivo","comprar coletes refletivo","comprar Coletes Refletivos para Dia e Noite","distribuidor de Colete de prote\u00e7\u00e3o refletivo","distribuidor de Colete de seguran\u00e7a","distribuidor de Colete de sinaliza\u00e7\u00e3o","distribuidor de Colete de sinaliza\u00e7\u00e3o em manta","distribuidor de colete refletivo","distribuidor de Colete refletivo RLX","distribuidor de Colete refletivo Vicsa","distribuidor de Colete refletor","distribuidor de Colete RFX refletivo","distribuidor de Colete Vicsa refletivo","distribuidor de coletes refletivo","distribuidor de Coletes Refletivos para Dia e Noite","distribuidora de Colete de prote\u00e7\u00e3o refletivo","distribuidora de Colete de seguran\u00e7a","distribuidora de Colete de sinaliza\u00e7\u00e3o","distribuidora de Colete de sinaliza\u00e7\u00e3o em manta","distribuidora de colete refletivo","distribuidora de Colete refletivo RLX","distribuidora de Colete refletivo Vicsa","distribuidora de Colete refletor","distribuidora de Colete RFX refletivo","distribuidora de Colete Vicsa refletivo","distribuidora de coletes refletivo","distribuidora de Coletes Refletivos para Dia e Noite","empresa de Colete de prote\u00e7\u00e3o refletivo","empresa de Colete de seguran\u00e7a","empresa de Colete de sinaliza\u00e7\u00e3o","empresa de Colete de sinaliza\u00e7\u00e3o em manta","empresa de colete refletivo","empresa de Colete refletivo RLX","empresa de Colete refletivo Vicsa","empresa de Colete refletor","empresa de Colete RFX refletivo","empresa de Colete Vicsa refletivo","empresa de coletes refletivo","empresa de Coletes Refletivos para Dia e Noite","fornecedor de Colete de prote\u00e7\u00e3o refletivo","fornecedor de Colete de seguran\u00e7a","fornecedor de Colete de sinaliza\u00e7\u00e3o","fornecedor de Colete de sinaliza\u00e7\u00e3o em manta","fornecedor de colete refletivo","fornecedor de Colete refletivo RLX","fornecedor de Colete refletivo Vicsa","fornecedor de Colete refletor","fornecedor de Colete RFX refletivo","fornecedor de Colete Vicsa refletivo","fornecedor de coletes refletivo","fornecedor de Coletes Refletivos para Dia e Noite","loja de Colete de prote\u00e7\u00e3o refletivo","loja de Colete de seguran\u00e7a","loja de Colete de sinaliza\u00e7\u00e3o","loja de Colete de sinaliza\u00e7\u00e3o em manta","loja de colete refletivo","loja de Colete refletivo RLX","loja de Colete refletivo Vicsa","loja de Colete refletor","loja de Colete RFX refletivo","loja de Colete Vicsa refletivo","loja de coletes refletivo","loja de Coletes Refletivos para Dia e Noite","onde encontrar Colete de prote\u00e7\u00e3o refletivo","onde encontrar Colete de seguran\u00e7a","onde encontrar Colete de sinaliza\u00e7\u00e3o","onde encontrar Colete de sinaliza\u00e7\u00e3o em manta","onde encontrar Colete refletivo RLX","onde encontrar Colete refletivo Vicsa","onde encontrar Colete refletor","onde encontrar Colete RFX refletivo","onde encontrar Colete Vicsa refletivo","onde encontrar coletes refletivo","onde encontrar Coletes Refletivos para Dia e Noite"],"articleSection":["Uniformes profissionais"],"inLanguage":"pt-BR"},{"@type":"WebPage","@id":"https:\/\/www.mundolinhaviva.com.br\/blog\/colete-refletivo-aplicacoes-e-vantagens\/","url":"https:\/\/www.mundolinhaviva.com.br\/blog\/colete-refletivo-aplicacoes-e-vantagens\/","name":"Colete refletivo: Saiba onde comprar!","isPartOf":{"@id":"https:\/\/www.mundolinhaviva.com.br\/blog\/#website"},"datePublished":"2024-03-19T17:45:10+00:00","dateModified":"2024-03-19T17:47:11+00:00","description":"Melhore sua visibilidade e seguran\u00e7a com o coleto refletivo. Descubra como este acess\u00f3rio pode salvar vidas. Garanta o seu hoje!","breadcrumb":{"@id":"https:\/\/www.mundolinhaviva.com.br\/blog\/colete-refletivo-aplicacoes-e-vantagens\/#breadcrumb"},"inLanguage":"pt-BR","potentialAction":[{"@type":"ReadAction","target":["https:\/\/www.mundolinhaviva.com.br\/blog\/colete-refletivo-aplicacoes-e-vantagens\/"]}]},{"@type":"BreadcrumbList","@id":"https:\/\/www.mundolinhaviva.com.br\/blog\/colete-refletivo-aplicacoes-e-vantagens\/#breadcrumb","itemListElement":[{"@type":"ListItem","position":1,"name":"Home","item":"https:\/\/www.mundolinhaviva.com.br\/blog\/"},{"@type":"ListItem","position":2,"name":"Uniformes profissionais","item":"https:\/\/www.mundolinhaviva.com.br\/blog\/uniformes-profissionais\/"},{"@type":"ListItem","position":3,"name":"Colete refletivo: Saiba onde comprar!"}]},{"@type":"WebSite","@id":"https:\/\/www.mundolinhaviva.com.br\/blog\/#website","url":"https:\/\/www.mundolinhaviva.com.br\/blog\/","name":"Mundo Linha Viva","description":"Blog - Mundo Linha Viva","publisher":{"@id":"https:\/\/www.mundolinhaviva.com.br\/blog\/#organization"},"potentialAction":[{"@type":"SearchAction","target":{"@type":"EntryPoint","urlTemplate":"https:\/\/www.mundolinhaviva.com.br\/blog\/?s={search_term_string}"},"query-input":"required name=search_term_string"}],"inLanguage":"pt-BR"},{"@type":"Organization","@id":"https:\/\/www.mundolinhaviva.com.br\/blog\/#organization","name":"Mundo Linha Viva","url":"https:\/\/www.mundolinhaviva.com.br\/blog\/","logo":{"@type":"ImageObject","inLanguage":"pt-BR","@id":"https:\/\/www.mundolinhaviva.com.br\/blog\/#\/schema\/logo\/image\/","url":"https:\/\/www.mundolinhaviva.com.br\/site-22\/wp-content\/uploads\/2018\/11\/logo-mlv-1.png","contentUrl":"https:\/\/www.mundolinhaviva.com.br\/site-22\/wp-content\/uploads\/2018\/11\/logo-mlv-1.png","width":259,"height":56,"caption":"Mundo Linha Viva"},"image":{"@id":"https:\/\/www.mundolinhaviva.com.br\/blog\/#\/schema\/logo\/image\/"},"sameAs":["https:\/\/www.facebook.com\/MUNDO-LINHA-VIVA-Equipamentos-de-seguran\u00e7a-374736490015498\/?modal=admin_todo_tour"]},{"@type":"Person","@id":"https:\/\/www.mundolinhaviva.com.br\/blog\/#\/schema\/person\/7239328c4d8fdd191d00be520bd49ff0","name":"Mundo Linha Viva"}]}},"_links":{"self":[{"href":"https:\/\/www.mundolinhaviva.com.br\/blog\/wp-json\/wp\/v2\/posts\/2633"}],"collection":[{"href":"https:\/\/www.mundolinhaviva.com.br\/blog\/wp-json\/wp\/v2\/posts"}],"about":[{"href":"https:\/\/www.mundolinhaviva.com.br\/blog\/wp-json\/wp\/v2\/types\/post"}],"author":[{"embeddable":true,"href":"https:\/\/www.mundolinhaviva.com.br\/blog\/wp-json\/wp\/v2\/users\/2"}],"replies":[{"embeddable":true,"href":"https:\/\/www.mundolinhaviva.com.br\/blog\/wp-json\/wp\/v2\/comments?post=2633"}],"version-history":[{"count":3,"href":"https:\/\/www.mundolinhaviva.com.br\/blog\/wp-json\/wp\/v2\/posts\/2633\/revisions"}],"predecessor-version":[{"id":2639,"href":"https:\/\/www.mundolinhaviva.com.br\/blog\/wp-json\/wp\/v2\/posts\/2633\/revisions\/2639"}],"wp:featuredmedia":[{"embeddable":true,"href":"https:\/\/www.mundolinhaviva.com.br\/blog\/wp-json\/wp\/v2\/media\/2634"}],"wp:attachment":[{"href":"https:\/\/www.mundolinhaviva.com.br\/blog\/wp-json\/wp\/v2\/media?parent=2633"}],"wp:term":[{"taxonomy":"category","embeddable":true,"href":"https:\/\/www.mundolinhaviva.com.br\/blog\/wp-json\/wp\/v2\/categories?post=2633"},{"taxonomy":"post_tag","embeddable":true,"href":"https:\/\/www.mundolinhaviva.com.br\/blog\/wp-json\/wp\/v2\/tags?post=2633"}],"curies":[{"name":"wp","href":"https:\/\/api.w.org\/{rel}","templated":true}]}}