{"id":2719,"date":"2024-05-15T08:44:07","date_gmt":"2024-05-15T11:44:07","guid":{"rendered":"https:\/\/www.mundolinhaviva.com.br\/blog\/?p=2719"},"modified":"2024-05-15T08:46:22","modified_gmt":"2024-05-15T11:46:22","slug":"protetor-facial-com-viseira-incolor-onde-comprar","status":"publish","type":"post","link":"https:\/\/www.mundolinhaviva.com.br\/blog\/protetor-facial-com-viseira-incolor-onde-comprar\/","title":{"rendered":"Protetor facial com viseira incolor: Quem deve utilizar?"},"content":{"rendered":"<span class=\"rt-reading-time\" style=\"display: block;\"><span class=\"rt-label rt-prefix\">Tempo de leitura<\/span> <span class=\"rt-time\">6<\/span> <span class=\"rt-label rt-postfix\">minutos<\/span><\/span>\n<p><\/p>\n\n\n\n<p><strong><em>Caso voc\u00ea queira conferir todos os pontos-chave do protetor facial com viseira incolor ou uma loja especializada no fornecimento, continue lendo.<\/em><\/strong><\/p>\n\n\n\n<p>No contexto atual, onde a seguran\u00e7a no ambiente de trabalho tornou-se uma preocupa\u00e7\u00e3o ainda mais evidente, o uso de equipamentos de prote\u00e7\u00e3o individual (EPIs) \u00e9 fundamental.<\/p>\n\n\n\n<p>Entre esses equipamentos, o protetor facial com viseira incolor destaca-se pela sua funcionalidade e versatilidade. Este artigo explora o que \u00e9 e qual a fun\u00e7\u00e3o deste protetor, sua import\u00e2ncia, benef\u00edcios e aplica\u00e7\u00f5es.<\/p>\n\n\n\n<ul>\n<li><strong>Leia em seguida<\/strong>: <a href=\"https:\/\/www.mundolinhaviva.com.br\/blog\/lona-plastica-beneficios\/\">Descubra as diferentes utilidades da lona pl\u00e1stica<\/a><\/li>\n<\/ul>\n\n\n\n<div id=\"ez-toc-container\" class=\"ez-toc-v2_0_62 counter-hierarchy ez-toc-counter ez-toc-white ez-toc-container-direction\">\n<div class=\"ez-toc-title-container\">\n<p class=\"ez-toc-title \" >O que abordaremos neste artigo:<\/p>\n<span class=\"ez-toc-title-toggle\"><a href=\"#\" class=\"ez-toc-pull-right ez-toc-btn ez-toc-btn-xs ez-toc-btn-default ez-toc-toggle\" aria-label=\"Toggle Table of Content\"><span class=\"ez-toc-js-icon-con\"><span class=\"\"><span class=\"eztoc-hide\" style=\"display:none;\">Toggle<\/span><span class=\"ez-toc-icon-toggle-span\"><svg style=\"fill: #999;color:#999\" xmlns=\"http:\/\/www.w3.org\/2000\/svg\" class=\"list-377408\" width=\"20px\" height=\"20px\" viewBox=\"0 0 24 24\" fill=\"none\"><path d=\"M6 6H4v2h2V6zm14 0H8v2h12V6zM4 11h2v2H4v-2zm16 0H8v2h12v-2zM4 16h2v2H4v-2zm16 0H8v2h12v-2z\" fill=\"currentColor\"><\/path><\/svg><svg style=\"fill: #999;color:#999\" class=\"arrow-unsorted-368013\" xmlns=\"http:\/\/www.w3.org\/2000\/svg\" width=\"10px\" height=\"10px\" viewBox=\"0 0 24 24\" version=\"1.2\" baseProfile=\"tiny\"><path d=\"M18.2 9.3l-6.2-6.3-6.2 6.3c-.2.2-.3.4-.3.7s.1.5.3.7c.2.2.4.3.7.3h11c.3 0 .5-.1.7-.3.2-.2.3-.5.3-.7s-.1-.5-.3-.7zM5.8 14.7l6.2 6.3 6.2-6.3c.2-.2.3-.5.3-.7s-.1-.5-.3-.7c-.2-.2-.4-.3-.7-.3h-11c-.3 0-.5.1-.7.3-.2.2-.3.5-.3.7s.1.5.3.7z\"\/><\/svg><\/span><\/span><\/span><\/a><\/span><\/div>\n<nav><ul class='ez-toc-list ez-toc-list-level-1 ' ><li class='ez-toc-page-1 ez-toc-heading-level-2'><a class=\"ez-toc-link ez-toc-heading-1\" href=\"https:\/\/www.mundolinhaviva.com.br\/blog\/protetor-facial-com-viseira-incolor-onde-comprar\/#O_que_e_e_qual_a_funcao_do_protetor_facial_com_viseira_incolor\" title=\"O que \u00e9 e qual a fun\u00e7\u00e3o do protetor facial com viseira incolor?\">O que \u00e9 e qual a fun\u00e7\u00e3o do protetor facial com viseira incolor?<\/a><\/li><li class='ez-toc-page-1 ez-toc-heading-level-2'><a class=\"ez-toc-link ez-toc-heading-2\" href=\"https:\/\/www.mundolinhaviva.com.br\/blog\/protetor-facial-com-viseira-incolor-onde-comprar\/#Confira_a_importancia_do_protetor_facial\" title=\"Confira a import\u00e2ncia do protetor facial\">Confira a import\u00e2ncia do protetor facial<\/a><\/li><li class='ez-toc-page-1 ez-toc-heading-level-2'><a class=\"ez-toc-link ez-toc-heading-3\" href=\"https:\/\/www.mundolinhaviva.com.br\/blog\/protetor-facial-com-viseira-incolor-onde-comprar\/#Quais_sao_os_beneficios_da_utilizacao\" title=\"Quais s\u00e3o os benef\u00edcios da utiliza\u00e7\u00e3o?\">Quais s\u00e3o os benef\u00edcios da utiliza\u00e7\u00e3o?<\/a><\/li><li class='ez-toc-page-1 ez-toc-heading-level-2'><a class=\"ez-toc-link ez-toc-heading-4\" href=\"https:\/\/www.mundolinhaviva.com.br\/blog\/protetor-facial-com-viseira-incolor-onde-comprar\/#Aplicacoes_do_protetor_facial_com_viseira_incolor\" title=\"Aplica\u00e7\u00f5es do protetor facial com viseira incolor\">Aplica\u00e7\u00f5es do protetor facial com viseira incolor<\/a><\/li><li class='ez-toc-page-1 ez-toc-heading-level-2'><a class=\"ez-toc-link ez-toc-heading-5\" href=\"https:\/\/www.mundolinhaviva.com.br\/blog\/protetor-facial-com-viseira-incolor-onde-comprar\/#Mundo_Linha_Viva_Sua_loja_de_EPIs\" title=\"Mundo Linha Viva: Sua loja de EPIs!\">Mundo Linha Viva: Sua loja de EPIs!<\/a><\/li><\/ul><\/nav><\/div>\n<h2 class=\"wp-block-heading\"><span class=\"ez-toc-section\" id=\"O_que_e_e_qual_a_funcao_do_protetor_facial_com_viseira_incolor\"><\/span>O que \u00e9 e qual a fun\u00e7\u00e3o do protetor facial com viseira incolor?<span class=\"ez-toc-section-end\"><\/span><\/h2>\n\n\n\n<p>O protetor facial com viseira incolor<strong> \u00e9 um tipo de equipamento de prote\u00e7\u00e3o individual que cobre toda a face do usu\u00e1rio<\/strong>. Ele \u00e9 composto por uma viseira transparente, que permite visibilidade total, e uma estrutura de suporte, que pode ser ajustada \u00e0 cabe\u00e7a.<\/p>\n\n\n\n<p>Sua principal fun\u00e7\u00e3o \u00e9 proteger o rosto e os olhos contra impactos de part\u00edculas volantes, respingos de subst\u00e2ncias qu\u00edmicas, radia\u00e7\u00e3o e outros perigos que podem ser encontrados em diversos ambientes de trabalho.<\/p>\n\n\n\n<h2 class=\"wp-block-heading\"><span class=\"ez-toc-section\" id=\"Confira_a_importancia_do_protetor_facial\"><\/span>Confira a import\u00e2ncia do protetor facial<span class=\"ez-toc-section-end\"><\/span><\/h2>\n\n\n<div class=\"wp-block-image\">\n<figure class=\"aligncenter size-full is-resized\"><img decoding=\"async\" loading=\"lazy\" src=\"https:\/\/www.mundolinhaviva.com.br\/blog\/wp-content\/uploads\/2024\/05\/trabalhadores-de-saude-da-doenca-de-coronavirus-covid-conceito-confiante-medica-asiatica-seria-em-pessoa_1258-107904.jpg\" alt=\"Protetor facial com viseira incolor\" class=\"wp-image-2721\" width=\"440\" height=\"293\" srcset=\"https:\/\/www.mundolinhaviva.com.br\/blog\/wp-content\/uploads\/2024\/05\/trabalhadores-de-saude-da-doenca-de-coronavirus-covid-conceito-confiante-medica-asiatica-seria-em-pessoa_1258-107904.jpg 740w, https:\/\/www.mundolinhaviva.com.br\/blog\/wp-content\/uploads\/2024\/05\/trabalhadores-de-saude-da-doenca-de-coronavirus-covid-conceito-confiante-medica-asiatica-seria-em-pessoa_1258-107904-300x200.jpg 300w\" sizes=\"(max-width: 440px) 100vw, 440px\" \/><\/figure><\/div>\n\n\n<p>A import\u00e2ncia deste protetor facial se manifesta em sua capacidade de oferecer uma barreira f\u00edsica eficaz contra contamina\u00e7\u00f5es e les\u00f5es. Em ambientes industriais, laboratoriais ou m\u00e9dicos, a prote\u00e7\u00e3o dos olhos e da face \u00e9 crucial para prevenir acidentes e garantir a integridade f\u00edsica dos trabalhadores.&nbsp;<\/p>\n\n\n\n<p>Al\u00e9m disso, com a pandemia de COVID-19, sua relev\u00e2ncia se expandiu para outras \u00e1reas, como com\u00e9rcio e educa\u00e7\u00e3o, proporcionando uma prote\u00e7\u00e3o adicional contra o cont\u00e1gio de v\u00edrus e bact\u00e9rias.<\/p>\n\n\n\n<ul>\n<li><strong>Leia em seguida<\/strong>: <a href=\"https:\/\/www.mundolinhaviva.com.br\/blog\/luva-descartavel-em-polietileno-beneficios\/\">Luva descart\u00e1vel em polietileno: Confira suas vantagens e aplica\u00e7\u00f5es<\/a><\/li>\n<\/ul>\n\n\n\n<h2 class=\"wp-block-heading\"><span class=\"ez-toc-section\" id=\"Quais_sao_os_beneficios_da_utilizacao\"><\/span>Quais s\u00e3o os benef\u00edcios da utiliza\u00e7\u00e3o?<span class=\"ez-toc-section-end\"><\/span><\/h2>\n\n\n\n<p>Os benef\u00edcios da utiliza\u00e7\u00e3o do protetor facial com viseira incolor s\u00e3o fundamentais para a seguran\u00e7a e sa\u00fade em diversos ambientes de trabalho, oferecendo vantagens que v\u00e3o al\u00e9m da simples prote\u00e7\u00e3o f\u00edsica:<\/p>\n\n\n\n<ol>\n<li><strong>Prote\u00e7\u00e3o completa<\/strong>:<\/li>\n<\/ol>\n\n\n\n<p>A cobertura integral da face garante prote\u00e7\u00e3o n\u00e3o s\u00f3 contra perigos f\u00edsicos e qu\u00edmicos, mas tamb\u00e9m contra agentes biol\u00f3gicos.<\/p>\n\n\n\n<p>Este aspecto \u00e9 crucial em ambientes onde o risco de contamina\u00e7\u00e3o por fluidos ou part\u00edculas \u00e9 alto, como em hospitais, laborat\u00f3rios ou durante procedimentos que envolvem subst\u00e2ncias perigosas.<\/p>\n\n\n\n<ol start=\"2\">\n<li><strong>Visibilidade clara<\/strong>:<\/li>\n<\/ol>\n\n\n\n<p>A viseira incolor \u00e9 projetada para oferecer uma vis\u00e3o clara e n\u00e3o distorcida, essencial para a realiza\u00e7\u00e3o de tarefas precisas e seguras. Essa clareza \u00e9 vital para profissionais que necessitam de acuidade visual em suas atividades, como cirurgi\u00f5es, t\u00e9cnicos de laborat\u00f3rio e operadores de m\u00e1quinas.<\/p>\n\n\n\n<ol start=\"3\">\n<li><strong>Conforto e adaptabilidade<\/strong>:<\/li>\n<\/ol>\n\n\n\n<p>Os protetores faciais s\u00e3o geralmente leves e equipados com sistemas de ajuste que permitem adapt\u00e1-los confortavelmente a diferentes tamanhos e formatos de cabe\u00e7a. Esta caracter\u00edstica assegura que o protetor pode ser usado por longos per\u00edodos sem causar desconforto ou interferir nas atividades do usu\u00e1rio.<\/p>\n\n\n\n<ol start=\"4\">\n<li><strong>Reutiliza\u00e7\u00e3o<\/strong>:<\/li>\n<\/ol>\n\n\n\n<p>Muitos modelos de protetores faciais com viseira incolor s\u00e3o reutiliz\u00e1veis, podendo ser facilmente limpos e desinfetados.<\/p>\n\n\n\n<p>Esta reutiliza\u00e7\u00e3o n\u00e3o s\u00f3 reduz os custos com a constante substitui\u00e7\u00e3o de EPIs, mas tamb\u00e9m contribui para a sustentabilidade ambiental, minimizando o descarte de pl\u00e1sticos e outros materiais.<\/p>\n\n\n\n<ol start=\"5\">\n<li><strong>Preven\u00e7\u00e3o de les\u00f5es oculares e faciais<\/strong>:<\/li>\n<\/ol>\n\n\n\n<p>Ao proteger eficazmente contra impactos, respingos e exposi\u00e7\u00e3o a materiais perigosos, estes protetores ajudam a prevenir les\u00f5es que poderiam resultar em danos permanentes ou em perda de tempo de trabalho.<\/p>\n\n\n\n<ul>\n<li><strong>Leia em seguida<\/strong>: <a href=\"https:\/\/www.mundolinhaviva.com.br\/blog\/importancia-do-giroflex-confira\/\">Saiba qual \u00e9 a import\u00e2ncia do giroflex<\/a><\/li>\n<\/ul>\n\n\n\n<h2 class=\"wp-block-heading\"><span class=\"ez-toc-section\" id=\"Aplicacoes_do_protetor_facial_com_viseira_incolor\"><\/span>Aplica\u00e7\u00f5es do protetor facial com viseira incolor<span class=\"ez-toc-section-end\"><\/span><\/h2>\n\n\n\n<p>O protetor facial com viseira incolor tem um amplo espectro de aplica\u00e7\u00f5es em diversos setores:<\/p>\n\n\n<div class=\"wp-block-image is-style-rounded\">\n<figure class=\"alignright size-full is-resized\"><img decoding=\"async\" loading=\"lazy\" src=\"https:\/\/www.mundolinhaviva.com.br\/blog\/wp-content\/uploads\/2024\/05\/retrato-de-jovens-enfermeiras-usam-luvas-uniformes-brancas-de-protecao-individual-oculos-e-chapeus_359031-42538.jpg\" alt=\"Protetor facial com viseira incolor\" class=\"wp-image-2722\" width=\"161\" height=\"241\" srcset=\"https:\/\/www.mundolinhaviva.com.br\/blog\/wp-content\/uploads\/2024\/05\/retrato-de-jovens-enfermeiras-usam-luvas-uniformes-brancas-de-protecao-individual-oculos-e-chapeus_359031-42538.jpg 360w, https:\/\/www.mundolinhaviva.com.br\/blog\/wp-content\/uploads\/2024\/05\/retrato-de-jovens-enfermeiras-usam-luvas-uniformes-brancas-de-protecao-individual-oculos-e-chapeus_359031-42538-200x300.jpg 200w\" sizes=\"(max-width: 161px) 100vw, 161px\" \/><\/figure><\/div>\n\n\n<ul>\n<li><strong>Sa\u00fade<\/strong>: Utilizado por m\u00e9dicos, enfermeiros e outros profissionais da sa\u00fade para prote\u00e7\u00e3o contra fluidos corporais e materiais infectantes;<\/li>\n\n\n\n<li><strong>Ind\u00fastria<\/strong>: Indispens\u00e1vel em opera\u00e7\u00f5es que envolvem o manuseio de m\u00e1quinas, ferramentas ou subst\u00e2ncias qu\u00edmicas que possam gerar proje\u00e7\u00e3o de part\u00edculas ou vapores;<\/li>\n\n\n\n<li><strong>Constru\u00e7\u00e3o civil<\/strong>: Protege contra os riscos associados com a constru\u00e7\u00e3o, como a proje\u00e7\u00e3o de fragmentos de materiais, poeira e detritos;<\/li>\n\n\n\n<li><strong>Laborat\u00f3rios<\/strong>: Usado por cientistas e t\u00e9cnicos em experimentos que envolvem reagentes qu\u00edmicos e materiais potencialmente perigosos;<\/li>\n\n\n\n<li><strong>Educa\u00e7\u00e3o e Com\u00e9rcio<\/strong>: Amplamente adotado durante a pandemia para proteger professores, alunos e trabalhadores de lojas, especialmente em situa\u00e7\u00f5es que n\u00e3o permitem o distanciamento social.<\/li>\n<\/ul>\n\n\n\n<h2 class=\"wp-block-heading\"><span class=\"ez-toc-section\" id=\"Mundo_Linha_Viva_Sua_loja_de_EPIs\"><\/span>Mundo Linha Viva: Sua loja de EPIs!<span class=\"ez-toc-section-end\"><\/span><\/h2>\n\n\n\n<p>Para quem busca uma solu\u00e7\u00e3o completa em Equipamentos de Prote\u00e7\u00e3o Individual (EPIs), uniformes e ferramentas, o <a href=\"https:\/\/www.mundolinhaviva.com.br\/empresa\/\">Mundo Linha Viva<\/a> \u00e9 a escolha ideal.<\/p>\n\n\n\n<p>Atendendo aos mais variados setores, desde a constru\u00e7\u00e3o civil at\u00e9 ambientes de alta demanda m\u00e9dica e industrial, essa loja se destaca tanto pela qualidade de seus produtos quanto pela variedade.<\/p>\n\n\n\n<p>Entre os itens mais procurados est\u00e1 o protetor facial com viseira incolor, essencial para garantir a seguran\u00e7a e a prote\u00e7\u00e3o dos trabalhadores em diversas atividades.<\/p>\n\n\n\n<p>Localizada em <a href=\"https:\/\/www.google.com\/maps\/place\/Av.+Pref.+Carlos+Ferreira+Lopes,+1075+-+Centro,+Mogi+das+Cruzes+-+SP,+08773-490\/@-23.5094464,-46.1976489,16z\/data=!4m6!3m5!1s0x94cdd7f57d8685fd:0x894d2c383225f78a!8m2!3d-23.5081133!4d-46.1919948!16s%2Fg%2F11svtdf69n?entry=ttu\">Mogi das Cruzes<\/a>, S\u00e3o Paulo, o Mundo Linha Viva n\u00e3o s\u00f3 mant\u00e9m uma loja f\u00edsica bem estabelecida, mas tamb\u00e9m oferece uma <a href=\"https:\/\/www.mundolinhavivaloja.com.br\/\">loja virtual completa<\/a>. Essa dualidade permite que a empresa atenda a clientes de todo o Brasil, facilitando o acesso a produtos de alta qualidade onde quer que voc\u00ea esteja.<\/p>\n\n\n\n<p>Seja navegando em seu site ou visitando a loja em pessoa, os clientes podem contar com um atendimento especializado e orienta\u00e7\u00f5es precisas sobre os melhores produtos para suas necessidades espec\u00edficas.<\/p>\n\n\n\n<p>O <a href=\"https:\/\/www.mundolinhaviva.com.br\/empresa\/\">Mundo Linha Viva<\/a> est\u00e1 comprometida em fornecer n\u00e3o apenas os melhores EPIs, mas tamb\u00e9m uniformes personalizados e ferramentas dur\u00e1veis que atendam aos mais altos padr\u00f5es de seguran\u00e7a e efic\u00e1cia.<\/p>\n\n\n\n<p>O compromisso da loja com a satisfa\u00e7\u00e3o do cliente e a seguran\u00e7a no trabalho \u00e9 evidente em cada produto oferecido e cada intera\u00e7\u00e3o com os consumidores.<\/p>\n\n\n\n<p>Para todos que necessitam de prote\u00e7\u00e3o confi\u00e1vel e produtos de qualidade para garantir a seguran\u00e7a no ambiente de trabalho, o Mundo Linha Viva \u00e9 sua parceira ideal.<\/p>\n\n\n\n<p class=\"has-text-align-center\"><a href=\"https:\/\/www.mundolinhavivaloja.com.br\/\">Visite nosso site<\/a> ou nossa <a href=\"https:\/\/www.google.com\/maps\/place\/Av.+Pref.+Carlos+Ferreira+Lopes,+1075+-+Centro,+Mogi+das+Cruzes+-+SP,+08773-490\/@-23.5094464,-46.1976489,16z\/data=!4m6!3m5!1s0x94cdd7f57d8685fd:0x894d2c383225f78a!8m2!3d-23.5081133!4d-46.1919948!16s%2Fg%2F11svtdf69n?entry=ttu\">loja f\u00edsica<\/a> hoje mesmo e cubra integralmente suas necessidades de EPIs e ferramentas. Proteja-se com o melhor, escolha Mundo Linha Viva!<\/p>\n\n\n\n<ul>\n<li><strong>Leia em seguida<\/strong>: <a href=\"https:\/\/www.mundolinhaviva.com.br\/blog\/bolsa-para-guardar-epi-beneficios\/\">Bolsa para guardar EPI: Qual modelo escolher?<\/a><\/li>\n<\/ul>\n","protected":false},"excerpt":{"rendered":"<p><span class=\"rt-reading-time\" style=\"display: block;\"><span class=\"rt-label rt-prefix\">Tempo de leitura<\/span> <span class=\"rt-time\">6<\/span> <span class=\"rt-label rt-postfix\">minutos<\/span><\/span> Caso voc\u00ea queira conferir todos os pontos-chave do protetor facial com viseira incolor ou uma loja especializada no fornecimento, continue lendo. No contexto atual, onde a seguran\u00e7a no ambiente de trabalho tornou-se uma preocupa\u00e7\u00e3o ainda mais evidente, o uso de equipamentos de prote\u00e7\u00e3o individual (EPIs) \u00e9 fundamental. Entre esses equipamentos, o protetor facial com viseira &hellip; <\/p>\n","protected":false},"author":2,"featured_media":2720,"comment_status":"closed","ping_status":"open","sticky":false,"template":"","format":"standard","meta":[],"categories":[595,2806],"tags":[7416,7417,7414,7415,7418,7431,7432,7429,7430,7433,7436,7437,7434,7435,7438,7421,7422,7419,7420,7423,7426,7427,7424,7425,7428,7441,7442,7439,7440,7443,7411,7412,7410,7413,7506,7507,7492,7497,7462,7487,7472,7457,7452,7504,7489,7494,7459,7484,7469,7454,7449,7464,7499,7474,7444,7479,7467,7502,7477,7447,7482,7505,7490,7495,7460,7485,7470,7455,7450,7465,7500,7475,7445,7480,7491,7496,7461,7486,7471,7456,7451,7508,7493,7498,7463,7488,7473,7458,7453,7468,7503,7478,7448,7483,7466,7501,7476,7446,7481],"yoast_head":"<!-- This site is optimized with the Yoast SEO plugin v21.5 - https:\/\/yoast.com\/wordpress\/plugins\/seo\/ -->\n<title>Protetor facial com viseira incolor: Quem deve utilizar?<\/title>\n<meta name=\"description\" content=\"Descubra a import\u00e2ncia do protetor facial com viseira incolor para seguran\u00e7a no trabalho. Prote\u00e7\u00e3o garantida para os olhos e rosto.\" \/>\n<meta name=\"robots\" content=\"noindex, follow, max-snippet:-1, max-image-preview:large, max-video-preview:-1\" \/>\n<meta property=\"og:locale\" content=\"pt_BR\" \/>\n<meta property=\"og:type\" content=\"article\" \/>\n<meta property=\"og:title\" content=\"Protetor facial com viseira incolor: Quem deve utilizar?\" \/>\n<meta property=\"og:description\" content=\"Descubra a import\u00e2ncia do protetor facial com viseira incolor para seguran\u00e7a no trabalho. Prote\u00e7\u00e3o garantida para os olhos e rosto.\" \/>\n<meta property=\"og:url\" content=\"https:\/\/www.mundolinhaviva.com.br\/blog\/protetor-facial-com-viseira-incolor-onde-comprar\/\" \/>\n<meta property=\"og:site_name\" content=\"Mundo Linha Viva\" \/>\n<meta property=\"article:publisher\" content=\"https:\/\/www.facebook.com\/MUNDO-LINHA-VIVA-Equipamentos-de-seguran%c3%a7a-374736490015498\/?modal=admin_todo_tour\" \/>\n<meta property=\"article:published_time\" content=\"2024-05-15T11:44:07+00:00\" \/>\n<meta property=\"article:modified_time\" content=\"2024-05-15T11:46:22+00:00\" \/>\n<meta property=\"og:image\" content=\"https:\/\/www.mundolinhaviva.com.br\/blog\/wp-content\/uploads\/2024\/05\/protetor-facial-incolor-8.jpg\" \/>\n\t<meta property=\"og:image:width\" content=\"300\" \/>\n\t<meta property=\"og:image:height\" content=\"300\" \/>\n\t<meta property=\"og:image:type\" content=\"image\/jpeg\" \/>\n<meta name=\"author\" content=\"Mundo Linha Viva\" \/>\n<meta name=\"twitter:card\" content=\"summary_large_image\" \/>\n<meta name=\"twitter:label1\" content=\"Escrito por\" \/>\n\t<meta name=\"twitter:data1\" content=\"Mundo Linha Viva\" \/>\n\t<meta name=\"twitter:label2\" content=\"Est. tempo de leitura\" \/>\n\t<meta name=\"twitter:data2\" content=\"6 minutos\" \/>\n<script type=\"application\/ld+json\" class=\"yoast-schema-graph\">{\"@context\":\"https:\/\/schema.org\",\"@graph\":[{\"@type\":\"Article\",\"@id\":\"https:\/\/www.mundolinhaviva.com.br\/blog\/protetor-facial-com-viseira-incolor-onde-comprar\/#article\",\"isPartOf\":{\"@id\":\"https:\/\/www.mundolinhaviva.com.br\/blog\/protetor-facial-com-viseira-incolor-onde-comprar\/\"},\"author\":{\"name\":\"Mundo Linha Viva\",\"@id\":\"https:\/\/www.mundolinhaviva.com.br\/blog\/#\/schema\/person\/7239328c4d8fdd191d00be520bd49ff0\"},\"headline\":\"Protetor facial com viseira incolor: Quem deve utilizar?\",\"datePublished\":\"2024-05-15T11:44:07+00:00\",\"dateModified\":\"2024-05-15T11:46:22+00:00\",\"mainEntityOfPage\":{\"@id\":\"https:\/\/www.mundolinhaviva.com.br\/blog\/protetor-facial-com-viseira-incolor-onde-comprar\/\"},\"wordCount\":1076,\"publisher\":{\"@id\":\"https:\/\/www.mundolinhaviva.com.br\/blog\/#organization\"},\"keywords\":[\"comprar protetor facial\",\"comprar protetor facial com viseira\",\"comprar Protetor facial com viseira incolor\",\"comprar protetor facial delta plus\",\"comprar protetor facial incolor\",\"distribuidor de protetor facial\",\"distribuidor de protetor facial com viseira\",\"distribuidor de Protetor facial com viseira incolor\",\"distribuidor de protetor facial delta plus\",\"distribuidor de protetor facial incolor\",\"distribuidora de protetor facial\",\"distribuidora de protetor facial com viseira\",\"distribuidora de Protetor facial com viseira incolor\",\"distribuidora de protetor facial delta plus\",\"distribuidora de protetor facial incolor\",\"empresa de protetor facial\",\"empresa de protetor facial com viseira\",\"empresa de Protetor facial com viseira incolor\",\"empresa de protetor facial delta plus\",\"empresa de protetor facial incolor\",\"fornecedor de protetor facial\",\"fornecedor de protetor facial com viseira\",\"fornecedor de Protetor facial com viseira incolor\",\"fornecedor de protetor facial delta plus\",\"fornecedor de protetor facial incolor\",\"loja de protetor facial\",\"loja de protetor facial com viseira\",\"loja de Protetor facial com viseira incolor\",\"loja de protetor facial delta plus\",\"loja de protetor facial incolor\",\"onde encontrar protetor facial\",\"onde encontrar protetor facial com viseira\",\"onde encontrar protetor facial delta plus\",\"onde encontrar protetor facial incolor\",\"protetor facial\",\"protetor facial com viseira\",\"protetor facial com viseira em Ferraz\",\"protetor facial com viseira em Guarulhos\",\"protetor facial com viseira em Mogi\",\"protetor facial com viseira em Po\u00e1\",\"protetor facial com viseira em promo\u00e7\u00e3o\",\"protetor facial com viseira em s\u00e3o paulo\",\"protetor facial com viseira em sp\",\"Protetor facial com viseira incolor\",\"Protetor facial com viseira incolor em Ferraz\",\"Protetor facial com viseira incolor em Guarulhos\",\"Protetor facial com viseira incolor em Mogi\",\"Protetor facial com viseira incolor em Po\u00e1\",\"Protetor facial com viseira incolor em promo\u00e7\u00e3o\",\"Protetor facial com viseira incolor em s\u00e3o paulo\",\"Protetor facial com viseira incolor em sp\",\"Protetor facial com viseira incolor na Zona Leste\",\"Protetor facial com viseira incolor no Aruja\",\"Protetor facial com viseira incolor perto de mim\",\"Protetor facial com viseira incolor pre\u00e7o\",\"Protetor facial com viseira incolor pr\u00f3ximo a mim\",\"protetor facial com viseira na Zona Leste\",\"protetor facial com viseira no Aruja\",\"protetor facial com viseira perto de mim\",\"protetor facial com viseira pre\u00e7o\",\"protetor facial com viseira pr\u00f3ximo a mim\",\"protetor facial delta plus\",\"protetor facial delta plus em Ferraz\",\"protetor facial delta plus em Guarulhos\",\"protetor facial delta plus em Mogi\",\"protetor facial delta plus em Po\u00e1\",\"protetor facial delta plus em promo\u00e7\u00e3o\",\"protetor facial delta plus em s\u00e3o paulo\",\"protetor facial delta plus em sp\",\"protetor facial delta plus na Zona Leste\",\"protetor facial delta plus no Aruja\",\"protetor facial delta plus perto de mim\",\"protetor facial delta plus pre\u00e7o\",\"protetor facial delta plus pr\u00f3ximo a mim\",\"protetor facial em Ferraz\",\"protetor facial em Guarulhos\",\"protetor facial em Mogi\",\"protetor facial em Po\u00e1\",\"protetor facial em promo\u00e7\u00e3o\",\"protetor facial em s\u00e3o paulo\",\"protetor facial em sp\",\"protetor facial incolor\",\"protetor facial incolor em Ferraz\",\"protetor facial incolor em Guarulhos\",\"protetor facial incolor em Mogi\",\"protetor facial incolor em Po\u00e1\",\"protetor facial incolor em promo\u00e7\u00e3o\",\"protetor facial incolor em s\u00e3o paulo\",\"protetor facial incolor em sp\",\"protetor facial incolor na Zona Leste\",\"protetor facial incolor no Aruja\",\"protetor facial incolor perto de mim\",\"protetor facial incolor pre\u00e7o\",\"protetor facial incolor pr\u00f3ximo a mim\",\"protetor facial na Zona Leste\",\"protetor facial no Aruja\",\"protetor facial perto de mim\",\"protetor facial pre\u00e7o\",\"protetor facial pr\u00f3ximo a mim\"],\"articleSection\":[\"EPI\",\"Loja de EPI\"],\"inLanguage\":\"pt-BR\"},{\"@type\":\"WebPage\",\"@id\":\"https:\/\/www.mundolinhaviva.com.br\/blog\/protetor-facial-com-viseira-incolor-onde-comprar\/\",\"url\":\"https:\/\/www.mundolinhaviva.com.br\/blog\/protetor-facial-com-viseira-incolor-onde-comprar\/\",\"name\":\"Protetor facial com viseira incolor: Quem deve utilizar?\",\"isPartOf\":{\"@id\":\"https:\/\/www.mundolinhaviva.com.br\/blog\/#website\"},\"datePublished\":\"2024-05-15T11:44:07+00:00\",\"dateModified\":\"2024-05-15T11:46:22+00:00\",\"description\":\"Descubra a import\u00e2ncia do protetor facial com viseira incolor para seguran\u00e7a no trabalho. Prote\u00e7\u00e3o garantida para os olhos e rosto.\",\"breadcrumb\":{\"@id\":\"https:\/\/www.mundolinhaviva.com.br\/blog\/protetor-facial-com-viseira-incolor-onde-comprar\/#breadcrumb\"},\"inLanguage\":\"pt-BR\",\"potentialAction\":[{\"@type\":\"ReadAction\",\"target\":[\"https:\/\/www.mundolinhaviva.com.br\/blog\/protetor-facial-com-viseira-incolor-onde-comprar\/\"]}]},{\"@type\":\"BreadcrumbList\",\"@id\":\"https:\/\/www.mundolinhaviva.com.br\/blog\/protetor-facial-com-viseira-incolor-onde-comprar\/#breadcrumb\",\"itemListElement\":[{\"@type\":\"ListItem\",\"position\":1,\"name\":\"Home\",\"item\":\"https:\/\/www.mundolinhaviva.com.br\/blog\/\"},{\"@type\":\"ListItem\",\"position\":2,\"name\":\"EPI\",\"item\":\"https:\/\/www.mundolinhaviva.com.br\/blog\/epi\/\"},{\"@type\":\"ListItem\",\"position\":3,\"name\":\"Protetor facial com viseira incolor: Quem deve utilizar?\"}]},{\"@type\":\"WebSite\",\"@id\":\"https:\/\/www.mundolinhaviva.com.br\/blog\/#website\",\"url\":\"https:\/\/www.mundolinhaviva.com.br\/blog\/\",\"name\":\"Mundo Linha Viva\",\"description\":\"Blog - Mundo Linha Viva\",\"publisher\":{\"@id\":\"https:\/\/www.mundolinhaviva.com.br\/blog\/#organization\"},\"potentialAction\":[{\"@type\":\"SearchAction\",\"target\":{\"@type\":\"EntryPoint\",\"urlTemplate\":\"https:\/\/www.mundolinhaviva.com.br\/blog\/?s={search_term_string}\"},\"query-input\":\"required name=search_term_string\"}],\"inLanguage\":\"pt-BR\"},{\"@type\":\"Organization\",\"@id\":\"https:\/\/www.mundolinhaviva.com.br\/blog\/#organization\",\"name\":\"Mundo Linha Viva\",\"url\":\"https:\/\/www.mundolinhaviva.com.br\/blog\/\",\"logo\":{\"@type\":\"ImageObject\",\"inLanguage\":\"pt-BR\",\"@id\":\"https:\/\/www.mundolinhaviva.com.br\/blog\/#\/schema\/logo\/image\/\",\"url\":\"https:\/\/www.mundolinhaviva.com.br\/site-22\/wp-content\/uploads\/2018\/11\/logo-mlv-1.png\",\"contentUrl\":\"https:\/\/www.mundolinhaviva.com.br\/site-22\/wp-content\/uploads\/2018\/11\/logo-mlv-1.png\",\"width\":259,\"height\":56,\"caption\":\"Mundo Linha Viva\"},\"image\":{\"@id\":\"https:\/\/www.mundolinhaviva.com.br\/blog\/#\/schema\/logo\/image\/\"},\"sameAs\":[\"https:\/\/www.facebook.com\/MUNDO-LINHA-VIVA-Equipamentos-de-seguran\u00e7a-374736490015498\/?modal=admin_todo_tour\"]},{\"@type\":\"Person\",\"@id\":\"https:\/\/www.mundolinhaviva.com.br\/blog\/#\/schema\/person\/7239328c4d8fdd191d00be520bd49ff0\",\"name\":\"Mundo Linha Viva\"}]}<\/script>\n<!-- \/ Yoast SEO plugin. -->","yoast_head_json":{"title":"Protetor facial com viseira incolor: Quem deve utilizar?","description":"Descubra a import\u00e2ncia do protetor facial com viseira incolor para seguran\u00e7a no trabalho. Prote\u00e7\u00e3o garantida para os olhos e rosto.","robots":{"index":"noindex","follow":"follow","max-snippet":"max-snippet:-1","max-image-preview":"max-image-preview:large","max-video-preview":"max-video-preview:-1"},"og_locale":"pt_BR","og_type":"article","og_title":"Protetor facial com viseira incolor: Quem deve utilizar?","og_description":"Descubra a import\u00e2ncia do protetor facial com viseira incolor para seguran\u00e7a no trabalho. Prote\u00e7\u00e3o garantida para os olhos e rosto.","og_url":"https:\/\/www.mundolinhaviva.com.br\/blog\/protetor-facial-com-viseira-incolor-onde-comprar\/","og_site_name":"Mundo Linha Viva","article_publisher":"https:\/\/www.facebook.com\/MUNDO-LINHA-VIVA-Equipamentos-de-seguran%c3%a7a-374736490015498\/?modal=admin_todo_tour","article_published_time":"2024-05-15T11:44:07+00:00","article_modified_time":"2024-05-15T11:46:22+00:00","og_image":[{"width":300,"height":300,"url":"https:\/\/www.mundolinhaviva.com.br\/blog\/wp-content\/uploads\/2024\/05\/protetor-facial-incolor-8.jpg","type":"image\/jpeg"}],"author":"Mundo Linha Viva","twitter_card":"summary_large_image","twitter_misc":{"Escrito por":"Mundo Linha Viva","Est. tempo de leitura":"6 minutos"},"schema":{"@context":"https:\/\/schema.org","@graph":[{"@type":"Article","@id":"https:\/\/www.mundolinhaviva.com.br\/blog\/protetor-facial-com-viseira-incolor-onde-comprar\/#article","isPartOf":{"@id":"https:\/\/www.mundolinhaviva.com.br\/blog\/protetor-facial-com-viseira-incolor-onde-comprar\/"},"author":{"name":"Mundo Linha Viva","@id":"https:\/\/www.mundolinhaviva.com.br\/blog\/#\/schema\/person\/7239328c4d8fdd191d00be520bd49ff0"},"headline":"Protetor facial com viseira incolor: Quem deve utilizar?","datePublished":"2024-05-15T11:44:07+00:00","dateModified":"2024-05-15T11:46:22+00:00","mainEntityOfPage":{"@id":"https:\/\/www.mundolinhaviva.com.br\/blog\/protetor-facial-com-viseira-incolor-onde-comprar\/"},"wordCount":1076,"publisher":{"@id":"https:\/\/www.mundolinhaviva.com.br\/blog\/#organization"},"keywords":["comprar protetor facial","comprar protetor facial com viseira","comprar Protetor facial com viseira incolor","comprar protetor facial delta plus","comprar protetor facial incolor","distribuidor de protetor facial","distribuidor de protetor facial com viseira","distribuidor de Protetor facial com viseira incolor","distribuidor de protetor facial delta plus","distribuidor de protetor facial incolor","distribuidora de protetor facial","distribuidora de protetor facial com viseira","distribuidora de Protetor facial com viseira incolor","distribuidora de protetor facial delta plus","distribuidora de protetor facial incolor","empresa de protetor facial","empresa de protetor facial com viseira","empresa de Protetor facial com viseira incolor","empresa de protetor facial delta plus","empresa de protetor facial incolor","fornecedor de protetor facial","fornecedor de protetor facial com viseira","fornecedor de Protetor facial com viseira incolor","fornecedor de protetor facial delta plus","fornecedor de protetor facial incolor","loja de protetor facial","loja de protetor facial com viseira","loja de Protetor facial com viseira incolor","loja de protetor facial delta plus","loja de protetor facial incolor","onde encontrar protetor facial","onde encontrar protetor facial com viseira","onde encontrar protetor facial delta plus","onde encontrar protetor facial incolor","protetor facial","protetor facial com viseira","protetor facial com viseira em Ferraz","protetor facial com viseira em Guarulhos","protetor facial com viseira em Mogi","protetor facial com viseira em Po\u00e1","protetor facial com viseira em promo\u00e7\u00e3o","protetor facial com viseira em s\u00e3o paulo","protetor facial com viseira em sp","Protetor facial com viseira incolor","Protetor facial com viseira incolor em Ferraz","Protetor facial com viseira incolor em Guarulhos","Protetor facial com viseira incolor em Mogi","Protetor facial com viseira incolor em Po\u00e1","Protetor facial com viseira incolor em promo\u00e7\u00e3o","Protetor facial com viseira incolor em s\u00e3o paulo","Protetor facial com viseira incolor em sp","Protetor facial com viseira incolor na Zona Leste","Protetor facial com viseira incolor no Aruja","Protetor facial com viseira incolor perto de mim","Protetor facial com viseira incolor pre\u00e7o","Protetor facial com viseira incolor pr\u00f3ximo a mim","protetor facial com viseira na Zona Leste","protetor facial com viseira no Aruja","protetor facial com viseira perto de mim","protetor facial com viseira pre\u00e7o","protetor facial com viseira pr\u00f3ximo a mim","protetor facial delta plus","protetor facial delta plus em Ferraz","protetor facial delta plus em Guarulhos","protetor facial delta plus em Mogi","protetor facial delta plus em Po\u00e1","protetor facial delta plus em promo\u00e7\u00e3o","protetor facial delta plus em s\u00e3o paulo","protetor facial delta plus em sp","protetor facial delta plus na Zona Leste","protetor facial delta plus no Aruja","protetor facial delta plus perto de mim","protetor facial delta plus pre\u00e7o","protetor facial delta plus pr\u00f3ximo a mim","protetor facial em Ferraz","protetor facial em Guarulhos","protetor facial em Mogi","protetor facial em Po\u00e1","protetor facial em promo\u00e7\u00e3o","protetor facial em s\u00e3o paulo","protetor facial em sp","protetor facial incolor","protetor facial incolor em Ferraz","protetor facial incolor em Guarulhos","protetor facial incolor em Mogi","protetor facial incolor em Po\u00e1","protetor facial incolor em promo\u00e7\u00e3o","protetor facial incolor em s\u00e3o paulo","protetor facial incolor em sp","protetor facial incolor na Zona Leste","protetor facial incolor no Aruja","protetor facial incolor perto de mim","protetor facial incolor pre\u00e7o","protetor facial incolor pr\u00f3ximo a mim","protetor facial na Zona Leste","protetor facial no Aruja","protetor facial perto de mim","protetor facial pre\u00e7o","protetor facial pr\u00f3ximo a mim"],"articleSection":["EPI","Loja de EPI"],"inLanguage":"pt-BR"},{"@type":"WebPage","@id":"https:\/\/www.mundolinhaviva.com.br\/blog\/protetor-facial-com-viseira-incolor-onde-comprar\/","url":"https:\/\/www.mundolinhaviva.com.br\/blog\/protetor-facial-com-viseira-incolor-onde-comprar\/","name":"Protetor facial com viseira incolor: Quem deve utilizar?","isPartOf":{"@id":"https:\/\/www.mundolinhaviva.com.br\/blog\/#website"},"datePublished":"2024-05-15T11:44:07+00:00","dateModified":"2024-05-15T11:46:22+00:00","description":"Descubra a import\u00e2ncia do protetor facial com viseira incolor para seguran\u00e7a no trabalho. Prote\u00e7\u00e3o garantida para os olhos e rosto.","breadcrumb":{"@id":"https:\/\/www.mundolinhaviva.com.br\/blog\/protetor-facial-com-viseira-incolor-onde-comprar\/#breadcrumb"},"inLanguage":"pt-BR","potentialAction":[{"@type":"ReadAction","target":["https:\/\/www.mundolinhaviva.com.br\/blog\/protetor-facial-com-viseira-incolor-onde-comprar\/"]}]},{"@type":"BreadcrumbList","@id":"https:\/\/www.mundolinhaviva.com.br\/blog\/protetor-facial-com-viseira-incolor-onde-comprar\/#breadcrumb","itemListElement":[{"@type":"ListItem","position":1,"name":"Home","item":"https:\/\/www.mundolinhaviva.com.br\/blog\/"},{"@type":"ListItem","position":2,"name":"EPI","item":"https:\/\/www.mundolinhaviva.com.br\/blog\/epi\/"},{"@type":"ListItem","position":3,"name":"Protetor facial com viseira incolor: Quem deve utilizar?"}]},{"@type":"WebSite","@id":"https:\/\/www.mundolinhaviva.com.br\/blog\/#website","url":"https:\/\/www.mundolinhaviva.com.br\/blog\/","name":"Mundo Linha Viva","description":"Blog - Mundo Linha Viva","publisher":{"@id":"https:\/\/www.mundolinhaviva.com.br\/blog\/#organization"},"potentialAction":[{"@type":"SearchAction","target":{"@type":"EntryPoint","urlTemplate":"https:\/\/www.mundolinhaviva.com.br\/blog\/?s={search_term_string}"},"query-input":"required name=search_term_string"}],"inLanguage":"pt-BR"},{"@type":"Organization","@id":"https:\/\/www.mundolinhaviva.com.br\/blog\/#organization","name":"Mundo Linha Viva","url":"https:\/\/www.mundolinhaviva.com.br\/blog\/","logo":{"@type":"ImageObject","inLanguage":"pt-BR","@id":"https:\/\/www.mundolinhaviva.com.br\/blog\/#\/schema\/logo\/image\/","url":"https:\/\/www.mundolinhaviva.com.br\/site-22\/wp-content\/uploads\/2018\/11\/logo-mlv-1.png","contentUrl":"https:\/\/www.mundolinhaviva.com.br\/site-22\/wp-content\/uploads\/2018\/11\/logo-mlv-1.png","width":259,"height":56,"caption":"Mundo Linha Viva"},"image":{"@id":"https:\/\/www.mundolinhaviva.com.br\/blog\/#\/schema\/logo\/image\/"},"sameAs":["https:\/\/www.facebook.com\/MUNDO-LINHA-VIVA-Equipamentos-de-seguran\u00e7a-374736490015498\/?modal=admin_todo_tour"]},{"@type":"Person","@id":"https:\/\/www.mundolinhaviva.com.br\/blog\/#\/schema\/person\/7239328c4d8fdd191d00be520bd49ff0","name":"Mundo Linha Viva"}]}},"_links":{"self":[{"href":"https:\/\/www.mundolinhaviva.com.br\/blog\/wp-json\/wp\/v2\/posts\/2719"}],"collection":[{"href":"https:\/\/www.mundolinhaviva.com.br\/blog\/wp-json\/wp\/v2\/posts"}],"about":[{"href":"https:\/\/www.mundolinhaviva.com.br\/blog\/wp-json\/wp\/v2\/types\/post"}],"author":[{"embeddable":true,"href":"https:\/\/www.mundolinhaviva.com.br\/blog\/wp-json\/wp\/v2\/users\/2"}],"replies":[{"embeddable":true,"href":"https:\/\/www.mundolinhaviva.com.br\/blog\/wp-json\/wp\/v2\/comments?post=2719"}],"version-history":[{"count":1,"href":"https:\/\/www.mundolinhaviva.com.br\/blog\/wp-json\/wp\/v2\/posts\/2719\/revisions"}],"predecessor-version":[{"id":2723,"href":"https:\/\/www.mundolinhaviva.com.br\/blog\/wp-json\/wp\/v2\/posts\/2719\/revisions\/2723"}],"wp:featuredmedia":[{"embeddable":true,"href":"https:\/\/www.mundolinhaviva.com.br\/blog\/wp-json\/wp\/v2\/media\/2720"}],"wp:attachment":[{"href":"https:\/\/www.mundolinhaviva.com.br\/blog\/wp-json\/wp\/v2\/media?parent=2719"}],"wp:term":[{"taxonomy":"category","embeddable":true,"href":"https:\/\/www.mundolinhaviva.com.br\/blog\/wp-json\/wp\/v2\/categories?post=2719"},{"taxonomy":"post_tag","embeddable":true,"href":"https:\/\/www.mundolinhaviva.com.br\/blog\/wp-json\/wp\/v2\/tags?post=2719"}],"curies":[{"name":"wp","href":"https:\/\/api.w.org\/{rel}","templated":true}]}}