{"id":2923,"date":"2025-01-30T12:05:03","date_gmt":"2025-01-30T15:05:03","guid":{"rendered":"https:\/\/www.mundolinhaviva.com.br\/blog\/?p=2923"},"modified":"2025-01-30T12:06:25","modified_gmt":"2025-01-30T15:06:25","slug":"por-que-a-lanterna-de-cabeca-e-um-epi-tao-importante","status":"publish","type":"post","link":"https:\/\/www.mundolinhaviva.com.br\/blog\/por-que-a-lanterna-de-cabeca-e-um-epi-tao-importante\/","title":{"rendered":"Por que a lanterna de cabe\u00e7a \u00e9 um EPI t\u00e3o importante?"},"content":{"rendered":"<span class=\"rt-reading-time\" style=\"display: block;\"><span class=\"rt-label rt-prefix\">Tempo de leitura<\/span> <span class=\"rt-time\">6<\/span> <span class=\"rt-label rt-postfix\">minutos<\/span><\/span>\n<p><strong><em>A lanterna de cabe\u00e7a \u00e9 um EPI essencial para evitar acidentes em ambientes de baixa visibilidade. Veja como escolher o modelo ideal para o seu trabalho.<\/em><\/strong><\/p>\n\n\n\n<p>Trabalhar em ambientes com pouca luz pode ser extremamente perigoso<strong>. A visibilidade reduzida aumenta o risco de quedas, choques el\u00e9tricos, cortes e outros acidentes graves<\/strong>.&nbsp;<\/p>\n\n\n\n<p>Para profissionais que atuam em constru\u00e7\u00e3o civil, eletricidade, minera\u00e7\u00e3o e resgate, a ilumina\u00e7\u00e3o adequada \u00e9 um fator essencial para garantir seguran\u00e7a e efici\u00eancia no trabalho.<\/p>\n\n\n\n<p>A lanterna de cabe\u00e7a se tornou um Equipamento de Prote\u00e7\u00e3o Individual (EPI) <strong>indispens\u00e1vel para quem precisa de ilumina\u00e7\u00e3o constante e m\u00e3os livres<\/strong>.&nbsp;<\/p>\n\n\n\n<p>Ela n\u00e3o apenas melhora a visibilidade em \u00e1reas escuras, mas tamb\u00e9m ajuda a evitar acidentes que poderiam comprometer a integridade f\u00edsica do trabalhador.<\/p>\n\n\n\n<p>Neste artigo, ser\u00e3o abordados os benef\u00edcios do uso da lanterna de cabe\u00e7a, os crit\u00e9rios para escolher o modelo ideal e onde encontrar produtos de qualidade para garantir m\u00e1xima seguran\u00e7a no trabalho.<\/p>\n\n\n\n<p><a href=\"https:\/\/www.mundolinhaviva.com.br\/blog\/uniforme-para-eletricista-exigencias-de-seguranca-para-proteger-o-profissional\/\">Uniforme para eletricista: exig\u00eancias de seguran\u00e7a para proteger o profissional<\/a><\/p>\n\n\n\n<div id=\"ez-toc-container\" class=\"ez-toc-v2_0_62 counter-hierarchy ez-toc-counter ez-toc-white ez-toc-container-direction\">\n<div class=\"ez-toc-title-container\">\n<p class=\"ez-toc-title \" >O que abordaremos neste artigo:<\/p>\n<span class=\"ez-toc-title-toggle\"><a href=\"#\" class=\"ez-toc-pull-right ez-toc-btn ez-toc-btn-xs ez-toc-btn-default ez-toc-toggle\" aria-label=\"Toggle Table of Content\"><span class=\"ez-toc-js-icon-con\"><span class=\"\"><span class=\"eztoc-hide\" style=\"display:none;\">Toggle<\/span><span class=\"ez-toc-icon-toggle-span\"><svg style=\"fill: #999;color:#999\" xmlns=\"http:\/\/www.w3.org\/2000\/svg\" class=\"list-377408\" width=\"20px\" height=\"20px\" viewBox=\"0 0 24 24\" fill=\"none\"><path d=\"M6 6H4v2h2V6zm14 0H8v2h12V6zM4 11h2v2H4v-2zm16 0H8v2h12v-2zM4 16h2v2H4v-2zm16 0H8v2h12v-2z\" fill=\"currentColor\"><\/path><\/svg><svg style=\"fill: #999;color:#999\" class=\"arrow-unsorted-368013\" xmlns=\"http:\/\/www.w3.org\/2000\/svg\" width=\"10px\" height=\"10px\" viewBox=\"0 0 24 24\" version=\"1.2\" baseProfile=\"tiny\"><path d=\"M18.2 9.3l-6.2-6.3-6.2 6.3c-.2.2-.3.4-.3.7s.1.5.3.7c.2.2.4.3.7.3h11c.3 0 .5-.1.7-.3.2-.2.3-.5.3-.7s-.1-.5-.3-.7zM5.8 14.7l6.2 6.3 6.2-6.3c.2-.2.3-.5.3-.7s-.1-.5-.3-.7c-.2-.2-.4-.3-.7-.3h-11c-.3 0-.5.1-.7.3-.2.2-.3.5-.3.7s.1.5.3.7z\"\/><\/svg><\/span><\/span><\/span><\/a><\/span><\/div>\n<nav><ul class='ez-toc-list ez-toc-list-level-1 ' ><li class='ez-toc-page-1 ez-toc-heading-level-2'><a class=\"ez-toc-link ez-toc-heading-1\" href=\"https:\/\/www.mundolinhaviva.com.br\/blog\/por-que-a-lanterna-de-cabeca-e-um-epi-tao-importante\/#A_importancia_da_lanterna_de_cabeca_para_a_seguranca_no_trabalho\" title=\"A import\u00e2ncia da lanterna de cabe\u00e7a para a seguran\u00e7a no trabalho\">A import\u00e2ncia da lanterna de cabe\u00e7a para a seguran\u00e7a no trabalho<\/a><ul class='ez-toc-list-level-3' ><li class='ez-toc-heading-level-3'><a class=\"ez-toc-link ez-toc-heading-2\" href=\"https:\/\/www.mundolinhaviva.com.br\/blog\/por-que-a-lanterna-de-cabeca-e-um-epi-tao-importante\/#Por_que_a_lanterna_de_cabeca_e_indispensavel\" title=\"Por que a lanterna de cabe\u00e7a \u00e9 indispens\u00e1vel?\">Por que a lanterna de cabe\u00e7a \u00e9 indispens\u00e1vel?<\/a><\/li><\/ul><\/li><li class='ez-toc-page-1 ez-toc-heading-level-2'><a class=\"ez-toc-link ez-toc-heading-3\" href=\"https:\/\/www.mundolinhaviva.com.br\/blog\/por-que-a-lanterna-de-cabeca-e-um-epi-tao-importante\/#Profissionais_que_devem_usar_a_lanterna_de_cabeca\" title=\"Profissionais que devem usar a lanterna de cabe\u00e7a\">Profissionais que devem usar a lanterna de cabe\u00e7a<\/a><\/li><li class='ez-toc-page-1 ez-toc-heading-level-2'><a class=\"ez-toc-link ez-toc-heading-4\" href=\"https:\/\/www.mundolinhaviva.com.br\/blog\/por-que-a-lanterna-de-cabeca-e-um-epi-tao-importante\/#Criterios_para_escolher_a_melhor_lanterna_de_cabeca\" title=\"Crit\u00e9rios para escolher a melhor lanterna de cabe\u00e7a\">Crit\u00e9rios para escolher a melhor lanterna de cabe\u00e7a<\/a><ul class='ez-toc-list-level-3' ><li class='ez-toc-heading-level-3'><a class=\"ez-toc-link ez-toc-heading-5\" href=\"https:\/\/www.mundolinhaviva.com.br\/blog\/por-que-a-lanterna-de-cabeca-e-um-epi-tao-importante\/#Brilho_e_alcance_da_luz\" title=\"Brilho e alcance da luz\">Brilho e alcance da luz<\/a><\/li><li class='ez-toc-page-1 ez-toc-heading-level-3'><a class=\"ez-toc-link ez-toc-heading-6\" href=\"https:\/\/www.mundolinhaviva.com.br\/blog\/por-que-a-lanterna-de-cabeca-e-um-epi-tao-importante\/#Autonomia_da_bateria\" title=\"Autonomia da bateria\">Autonomia da bateria<\/a><\/li><li class='ez-toc-page-1 ez-toc-heading-level-3'><a class=\"ez-toc-link ez-toc-heading-7\" href=\"https:\/\/www.mundolinhaviva.com.br\/blog\/por-que-a-lanterna-de-cabeca-e-um-epi-tao-importante\/#Conforto_e_ajuste_ergonomico\" title=\"Conforto e ajuste ergon\u00f4mico\">Conforto e ajuste ergon\u00f4mico<\/a><\/li><li class='ez-toc-page-1 ez-toc-heading-level-3'><a class=\"ez-toc-link ez-toc-heading-8\" href=\"https:\/\/www.mundolinhaviva.com.br\/blog\/por-que-a-lanterna-de-cabeca-e-um-epi-tao-importante\/#Resistencia_a_impactos_e_agua\" title=\"Resist\u00eancia a impactos e \u00e1gua\">Resist\u00eancia a impactos e \u00e1gua<\/a><\/li><li class='ez-toc-page-1 ez-toc-heading-level-3'><a class=\"ez-toc-link ez-toc-heading-9\" href=\"https:\/\/www.mundolinhaviva.com.br\/blog\/por-que-a-lanterna-de-cabeca-e-um-epi-tao-importante\/#Certificacoes_e_normas_de_seguranca\" title=\"Certifica\u00e7\u00f5es e normas de seguran\u00e7a\">Certifica\u00e7\u00f5es e normas de seguran\u00e7a<\/a><\/li><\/ul><\/li><li class='ez-toc-page-1 ez-toc-heading-level-2'><a class=\"ez-toc-link ez-toc-heading-10\" href=\"https:\/\/www.mundolinhaviva.com.br\/blog\/por-que-a-lanterna-de-cabeca-e-um-epi-tao-importante\/#Onde_comprar_lanternas_de_cabeca_de_alta_qualidade\" title=\"Onde comprar lanternas de cabe\u00e7a de alta qualidade?\">Onde comprar lanternas de cabe\u00e7a de alta qualidade?<\/a><ul class='ez-toc-list-level-3' ><li class='ez-toc-heading-level-3'><a class=\"ez-toc-link ez-toc-heading-11\" href=\"https:\/\/www.mundolinhaviva.com.br\/blog\/por-que-a-lanterna-de-cabeca-e-um-epi-tao-importante\/#Por_que_escolher_a_Mundo_Linha_Viva\" title=\"Por que escolher a Mundo Linha Viva?\">Por que escolher a Mundo Linha Viva?<\/a><\/li><\/ul><\/li><li class='ez-toc-page-1 ez-toc-heading-level-2'><a class=\"ez-toc-link ez-toc-heading-12\" href=\"https:\/\/www.mundolinhaviva.com.br\/blog\/por-que-a-lanterna-de-cabeca-e-um-epi-tao-importante\/#Protecao_e_eficiencia_com_a_lanterna_de_cabeca\" title=\"Prote\u00e7\u00e3o e efici\u00eancia com a lanterna de cabe\u00e7a\">Prote\u00e7\u00e3o e efici\u00eancia com a lanterna de cabe\u00e7a<\/a><\/li><\/ul><\/nav><\/div>\n<h2 class=\"wp-block-heading\"><span class=\"ez-toc-section\" id=\"A_importancia_da_lanterna_de_cabeca_para_a_seguranca_no_trabalho\"><\/span>A import\u00e2ncia da lanterna de cabe\u00e7a para a seguran\u00e7a no trabalho<span class=\"ez-toc-section-end\"><\/span><\/h2>\n\n\n\n<p>Em diversas profiss\u00f5es,<strong> a ilumina\u00e7\u00e3o inadequada representa um dos maiores riscos para a integridade f\u00edsica dos trabalhadores<\/strong>. Ambientes mal iluminados dificultam a execu\u00e7\u00e3o de tarefas e podem levar a erros fatais.<\/p>\n\n\n\n<p>A lanterna de cabe\u00e7a elimina esses problemas ao fornecer uma fonte de luz ajust\u00e1vel e sempre presente, garantindo que o profissional enxergue claramente o que est\u00e1 fazendo sem comprometer a mobilidade. Al\u00e9m disso,<strong> o uso desse EPI reduz a necessidade de segurar lanternas manuais,<\/strong> permitindo maior precis\u00e3o e efici\u00eancia na execu\u00e7\u00e3o das atividades.<\/p>\n\n\n\n<h3 class=\"wp-block-heading\"><span class=\"ez-toc-section\" id=\"Por_que_a_lanterna_de_cabeca_e_indispensavel\"><\/span>Por que a lanterna de cabe\u00e7a \u00e9 indispens\u00e1vel?<span class=\"ez-toc-section-end\"><\/span><\/h3>\n\n\n\n<ul>\n<li><strong>M\u00e3os livres para o trabalho:<\/strong> Diferente das lanternas de m\u00e3o, a lanterna de cabe\u00e7a permite que o trabalhador utilize ambas as m\u00e3os para manusear ferramentas e realizar tarefas com mais seguran\u00e7a.<br><\/li>\n\n\n\n<li><strong>Ilumina\u00e7\u00e3o sempre direcionada:<\/strong> Como a lanterna acompanha os movimentos da cabe\u00e7a, a luz \u00e9 sempre projetada no local necess\u00e1rio, sem precisar de ajustes constantes.<br><\/li>\n\n\n\n<li><strong>Autonomia e conforto:<\/strong> Os modelos modernos s\u00e3o ergon\u00f4micos, leves e possuem baterias de longa dura\u00e7\u00e3o, reduzindo a necessidade de recargas frequentes.<br><\/li>\n\n\n\n<li><strong>Preven\u00e7\u00e3o de acidentes:<\/strong> Ambientes escuros podem esconder obst\u00e1culos, buracos ou fios el\u00e9tricos expostos. Uma lanterna de cabe\u00e7a de qualidade garante que esses riscos sejam identificados a tempo.<\/li>\n<\/ul>\n\n\n\n<h2 class=\"wp-block-heading\"><span class=\"ez-toc-section\" id=\"Profissionais_que_devem_usar_a_lanterna_de_cabeca\"><\/span>Profissionais que devem usar a lanterna de cabe\u00e7a<span class=\"ez-toc-section-end\"><\/span><\/h2>\n\n\n\n<p>O uso da lanterna de cabe\u00e7a \u00e9 essencial em diversas \u00e1reas profissionais. Alguns dos segmentos que mais se beneficiam desse equipamento incluem:<\/p>\n\n\n\n<ul>\n<li><strong>Eletricistas:<\/strong> Trabalham frequentemente em locais sem ilumina\u00e7\u00e3o adequada, onde uma lanterna manual pode ser invi\u00e1vel.<br><\/li>\n\n\n\n<li><strong>Constru\u00e7\u00e3o civil:<\/strong> Muitos trabalhadores operam em obras durante a noite ou em locais fechados com pouca luz.<br><\/li>\n\n\n\n<li><strong>Bombeiros e equipes de resgate:<\/strong> Precisam de ilumina\u00e7\u00e3o eficiente para agir rapidamente em emerg\u00eancias.<br><\/li>\n\n\n\n<li><strong>Minera\u00e7\u00e3o:<\/strong> Ambientes subterr\u00e2neos exigem luz cont\u00ednua para evitar acidentes graves.<br><\/li>\n\n\n\n<li><strong>Trabalhos em florestas e meio ambiente:<\/strong> Profissionais que atuam em \u00e1reas remotas precisam de ilumina\u00e7\u00e3o confi\u00e1vel durante a noite.<\/li>\n<\/ul>\n\n\n\n<h2 class=\"wp-block-heading\"><span class=\"ez-toc-section\" id=\"Criterios_para_escolher_a_melhor_lanterna_de_cabeca\"><\/span>Crit\u00e9rios para escolher a melhor lanterna de cabe\u00e7a<span class=\"ez-toc-section-end\"><\/span><\/h2>\n\n\n\n<p>Com tantas op\u00e7\u00f5es no mercado, escolher a lanterna de cabe\u00e7a ideal pode ser um desafio. Para garantir um equipamento eficiente e seguro, \u00e9 essencial considerar alguns fatores antes da compra.<\/p>\n\n\n\n<h3 class=\"wp-block-heading\"><span class=\"ez-toc-section\" id=\"Brilho_e_alcance_da_luz\"><\/span>Brilho e alcance da luz<span class=\"ez-toc-section-end\"><\/span><\/h3>\n\n\n\n<p>O brilho da lanterna \u00e9 medido em l\u00famens. Quanto maior o n\u00famero de l\u00famens, mais potente ser\u00e1 a ilumina\u00e7\u00e3o. Para trabalhos em locais muito escuros, recomenda-se lanternas com pelo menos 200 l\u00famens.<\/p>\n\n\n\n<p>Al\u00e9m da pot\u00eancia, o alcance da luz tamb\u00e9m \u00e9 importante. Algumas lanternas possuem foco ajust\u00e1vel, permitindo iluminar \u00e1reas mais amplas ou direcionar a luz para um ponto espec\u00edfico.<\/p>\n\n\n\n<h3 class=\"wp-block-heading\"><span class=\"ez-toc-section\" id=\"Autonomia_da_bateria\"><\/span>Autonomia da bateria<span class=\"ez-toc-section-end\"><\/span><\/h3>\n\n\n\n<p>A dura\u00e7\u00e3o da bateria pode variar de acordo com o modelo da lanterna. Algumas op\u00e7\u00f5es utilizam pilhas descart\u00e1veis, enquanto outras possuem baterias recarreg\u00e1veis. Modelos com maior autonomia s\u00e3o ideais para quem trabalha longas horas sem acesso a carregadores.<\/p>\n\n\n\n<h3 class=\"wp-block-heading\"><span class=\"ez-toc-section\" id=\"Conforto_e_ajuste_ergonomico\"><\/span>Conforto e ajuste ergon\u00f4mico<span class=\"ez-toc-section-end\"><\/span><\/h3>\n\n\n\n<p>A lanterna de cabe\u00e7a deve ser confort\u00e1vel para uso prolongado. Modelos com ajuste de inclina\u00e7\u00e3o permitem direcionar a luz sem necessidade de mover a cabe\u00e7a constantemente. O material da fita de fixa\u00e7\u00e3o tamb\u00e9m deve ser leve e resistente.<\/p>\n\n\n\n<figure class=\"wp-block-image alignright size-full is-resized\"><img decoding=\"async\" loading=\"lazy\" src=\"https:\/\/www.mundolinhaviva.com.br\/blog\/wp-content\/uploads\/2025\/01\/side-view-man-with-head-lantern_23-2148282340.jpg\" alt=\"Por que a lanterna de cabe\u00e7a \u00e9 um EPI t\u00e3o importante?\n\" class=\"wp-image-2925\" width=\"362\" height=\"242\" srcset=\"https:\/\/www.mundolinhaviva.com.br\/blog\/wp-content\/uploads\/2025\/01\/side-view-man-with-head-lantern_23-2148282340.jpg 626w, https:\/\/www.mundolinhaviva.com.br\/blog\/wp-content\/uploads\/2025\/01\/side-view-man-with-head-lantern_23-2148282340-300x200.jpg 300w, https:\/\/www.mundolinhaviva.com.br\/blog\/wp-content\/uploads\/2025\/01\/side-view-man-with-head-lantern_23-2148282340-90x60.jpg 90w, https:\/\/www.mundolinhaviva.com.br\/blog\/wp-content\/uploads\/2025\/01\/side-view-man-with-head-lantern_23-2148282340-374x249.jpg 374w\" sizes=\"(max-width: 362px) 100vw, 362px\" \/><\/figure>\n\n\n\n<h3 class=\"wp-block-heading\"><span class=\"ez-toc-section\" id=\"Resistencia_a_impactos_e_agua\"><\/span>Resist\u00eancia a impactos e \u00e1gua<span class=\"ez-toc-section-end\"><\/span><\/h3>\n\n\n\n<p>Profissionais que trabalham em condi\u00e7\u00f5es extremas precisam de lanternas resistentes a quedas e \u00e0 prova d\u2019\u00e1gua. Equipamentos com certifica\u00e7\u00e3o IPX garantem prote\u00e7\u00e3o contra umidade e impactos, aumentando sua durabilidade.<\/p>\n\n\n\n<h3 class=\"wp-block-heading\"><span class=\"ez-toc-section\" id=\"Certificacoes_e_normas_de_seguranca\"><\/span>Certifica\u00e7\u00f5es e normas de seguran\u00e7a<span class=\"ez-toc-section-end\"><\/span><\/h3>\n\n\n\n<p>Para ser considerada um EPI confi\u00e1vel, a lanterna de cabe\u00e7a deve atender \u00e0s normas regulamentadoras de seguran\u00e7a do trabalho. Verifique se o equipamento possui certifica\u00e7\u00f5es que garantem sua qualidade e conformidade com as exig\u00eancias do setor.<\/p>\n\n\n\n<h2 class=\"wp-block-heading\"><span class=\"ez-toc-section\" id=\"Onde_comprar_lanternas_de_cabeca_de_alta_qualidade\"><\/span>Onde comprar lanternas de cabe\u00e7a de alta qualidade?<span class=\"ez-toc-section-end\"><\/span><\/h2>\n\n\n\n<p>Adquirir um equipamento de seguran\u00e7a exige aten\u00e7\u00e3o especial \u00e0 qualidade do produto e \u00e0 confiabilidade do fornecedor. Empresas especializadas garantem EPIs certificados e atendimento personalizado para orientar na escolha do melhor modelo.<\/p>\n\n\n\n<p>A <strong>Mundo Linha Viva<\/strong> \u00e9 refer\u00eancia na distribui\u00e7\u00e3o de <strong>Equipamentos de Prote\u00e7\u00e3o Individual, uniformes profissionais e ferramentas<\/strong>. Com um atendimento especializado, a empresa oferece produtos de alta qualidade para garantir a seguran\u00e7a no trabalho.<\/p>\n\n\n\n<h3 class=\"wp-block-heading\"><span class=\"ez-toc-section\" id=\"Por_que_escolher_a_Mundo_Linha_Viva\"><\/span>Por que escolher a Mundo Linha Viva?<span class=\"ez-toc-section-end\"><\/span><\/h3>\n\n\n\n<ul>\n<li><strong>Especialista em EPIs:<\/strong> Produtos certificados para m\u00e1xima seguran\u00e7a.<br><\/li>\n\n\n\n<li><strong>Atendimento personalizado:<\/strong> Consultores treinados para auxiliar na escolha do equipamento ideal.<br><\/li>\n\n\n\n<li><strong>Variedade de produtos:<\/strong> Op\u00e7\u00f5es para diferentes necessidades e ambientes de trabalho.<\/li>\n<\/ul>\n\n\n\n<p>Acesse o site da <strong>Mundo Linha Viva<\/strong> e encontre a lanterna de cabe\u00e7a perfeita para seu trabalho.<\/p>\n\n\n\n<p><a href=\"https:\/\/www.mundolinhaviva.com.br\/blog\/alicate-amperimetro-saiba-como-essa-ferramenta-pode-te-ajudar\/\">Alicate amper\u00edmetro: saiba como essa ferramenta pode te ajudar<\/a><\/p>\n\n\n\n<h2 class=\"wp-block-heading\"><span class=\"ez-toc-section\" id=\"Protecao_e_eficiencia_com_a_lanterna_de_cabeca\"><\/span>Prote\u00e7\u00e3o e efici\u00eancia com a lanterna de cabe\u00e7a<span class=\"ez-toc-section-end\"><\/span><\/h2>\n\n\n\n<p>A lanterna de cabe\u00e7a n\u00e3o \u00e9 apenas um acess\u00f3rio, mas um <strong>equipamento essencial para a seguran\u00e7a do trabalhador<\/strong>. Seja na constru\u00e7\u00e3o civil, na eletricidade ou em atividades de resgate, o uso desse EPI<strong> reduz significativamente os riscos de acidentes<\/strong> e melhora a produtividade.<\/p>\n\n\n\n<p>I<strong>nvestir em um equipamento de qualidade faz toda a diferen\u00e7a para garantir prote\u00e7\u00e3o e efici\u00eancia no dia a dia de trabalho<\/strong>.&nbsp;<\/p>\n\n\n\n<p>Escolher uma lanterna de cabe\u00e7a resistente, com boa autonomia de bateria e certifica\u00e7\u00e3o adequada \u00e9 essencial para evitar problemas e garantir um ambiente mais seguro. Para encontrar <strong>lanternas de cabe\u00e7a certificadas e de alta qualidade<\/strong>, <a href=\"https:\/\/www.mundolinhaviva.com.br\/produtos\/\">acesse a <strong>Mundo Linha Viva<\/strong> e conhe\u00e7a as melhores op\u00e7\u00f5es do mercado.<\/a><\/p>\n","protected":false},"excerpt":{"rendered":"<p><span class=\"rt-reading-time\" style=\"display: block;\"><span class=\"rt-label rt-prefix\">Tempo de leitura<\/span> <span class=\"rt-time\">6<\/span> <span class=\"rt-label rt-postfix\">minutos<\/span><\/span> A lanterna de cabe\u00e7a \u00e9 um EPI essencial para evitar acidentes em ambientes de baixa visibilidade. Veja como escolher o modelo ideal para o seu trabalho. Trabalhar em ambientes com pouca luz pode ser extremamente perigoso. A visibilidade reduzida aumenta o risco de quedas, choques el\u00e9tricos, cortes e outros acidentes graves.&nbsp; Para profissionais que atuam &hellip; <\/p>\n","protected":false},"author":2,"featured_media":2924,"comment_status":"closed","ping_status":"open","sticky":false,"template":"","format":"standard","meta":[],"categories":[9028],"tags":[9038,481,9039,281,9033,9051,9055,8909,9053,532,526,8986,8729,557,520,563,485,9040,9030,9029,9050,9054,9049,9052,9044,9043,9045,9046,9047,9042,9036,9048,9032,9034,514,9041,9035,473,9037,9026,8385,9031],"yoast_head":"<!-- This site is optimized with the Yoast SEO plugin v21.5 - https:\/\/yoast.com\/wordpress\/plugins\/seo\/ -->\n<title>Por que a lanterna de cabe\u00e7a \u00e9 um EPI t\u00e3o importante?<\/title>\n<meta name=\"description\" content=\"A lanterna de cabe\u00e7a \u00e9 um EPI essencial para evitar acidentes em ambientes de baixa visibilidade. Veja como escolher o modelo ideal para o seu trabalho.\" \/>\n<meta name=\"robots\" content=\"noindex, follow, max-snippet:-1, max-image-preview:large, max-video-preview:-1\" \/>\n<meta property=\"og:locale\" content=\"pt_BR\" \/>\n<meta property=\"og:type\" content=\"article\" \/>\n<meta property=\"og:title\" content=\"Por que a lanterna de cabe\u00e7a \u00e9 um EPI t\u00e3o importante?\" \/>\n<meta property=\"og:description\" content=\"A lanterna de cabe\u00e7a \u00e9 um EPI essencial para evitar acidentes em ambientes de baixa visibilidade. Veja como escolher o modelo ideal para o seu trabalho.\" \/>\n<meta property=\"og:url\" content=\"https:\/\/www.mundolinhaviva.com.br\/blog\/por-que-a-lanterna-de-cabeca-e-um-epi-tao-importante\/\" \/>\n<meta property=\"og:site_name\" content=\"Mundo Linha Viva\" \/>\n<meta property=\"article:publisher\" content=\"https:\/\/www.facebook.com\/MUNDO-LINHA-VIVA-Equipamentos-de-seguran%c3%a7a-374736490015498\/?modal=admin_todo_tour\" \/>\n<meta property=\"article:published_time\" content=\"2025-01-30T15:05:03+00:00\" \/>\n<meta property=\"article:modified_time\" content=\"2025-01-30T15:06:25+00:00\" \/>\n<meta property=\"og:image\" content=\"https:\/\/www.mundolinhaviva.com.br\/blog\/wp-content\/uploads\/2025\/01\/man-woman-with-head-lights_23-2148282341.jpg\" \/>\n\t<meta property=\"og:image:width\" content=\"626\" \/>\n\t<meta property=\"og:image:height\" content=\"417\" \/>\n\t<meta property=\"og:image:type\" content=\"image\/jpeg\" \/>\n<meta name=\"author\" content=\"Mundo Linha Viva\" \/>\n<meta name=\"twitter:card\" content=\"summary_large_image\" \/>\n<meta name=\"twitter:label1\" content=\"Escrito por\" \/>\n\t<meta name=\"twitter:data1\" content=\"Mundo Linha Viva\" \/>\n\t<meta name=\"twitter:label2\" content=\"Est. tempo de leitura\" \/>\n\t<meta name=\"twitter:data2\" content=\"6 minutos\" \/>\n<script type=\"application\/ld+json\" class=\"yoast-schema-graph\">{\"@context\":\"https:\/\/schema.org\",\"@graph\":[{\"@type\":\"Article\",\"@id\":\"https:\/\/www.mundolinhaviva.com.br\/blog\/por-que-a-lanterna-de-cabeca-e-um-epi-tao-importante\/#article\",\"isPartOf\":{\"@id\":\"https:\/\/www.mundolinhaviva.com.br\/blog\/por-que-a-lanterna-de-cabeca-e-um-epi-tao-importante\/\"},\"author\":{\"name\":\"Mundo Linha Viva\",\"@id\":\"https:\/\/www.mundolinhaviva.com.br\/blog\/#\/schema\/person\/7239328c4d8fdd191d00be520bd49ff0\"},\"headline\":\"Por que a lanterna de cabe\u00e7a \u00e9 um EPI t\u00e3o importante?\",\"datePublished\":\"2025-01-30T15:05:03+00:00\",\"dateModified\":\"2025-01-30T15:06:25+00:00\",\"mainEntityOfPage\":{\"@id\":\"https:\/\/www.mundolinhaviva.com.br\/blog\/por-que-a-lanterna-de-cabeca-e-um-epi-tao-importante\/\"},\"wordCount\":1121,\"publisher\":{\"@id\":\"https:\/\/www.mundolinhaviva.com.br\/blog\/#organization\"},\"keywords\":[\"comprar lanterna de cabe\u00e7a\",\"empresa de Equipamentos de prote\u00e7\u00e3o individual\",\"empresa de lanterna de cabe\u00e7a\",\"EPI\",\"epi certificado\",\"equipamentos de prote\u00e7\u00e3o individual em Guarulhos\",\"equipamentos de prote\u00e7\u00e3o individual em Mau\u00e1\",\"Equipamentos de prote\u00e7\u00e3o individual em Mogi das Cruzes\",\"equipamentos de prote\u00e7\u00e3o individual em Santo Andr\u00e9\",\"Equipamentos de prote\u00e7\u00e3o individual em s\u00e3o paulo\",\"Equipamentos de prote\u00e7\u00e3o individual em sp\",\"equipamentos de prote\u00e7\u00e3o individual em Suzano\",\"equipamentos de prote\u00e7\u00e3o individual na zona leste\",\"Equipamentos de prote\u00e7\u00e3o individual perto de mim\",\"Equipamentos de prote\u00e7\u00e3o individual pre\u00e7o\",\"Equipamentos de prote\u00e7\u00e3o individual pr\u00f3ximo a mim\",\"fornecedor de Equipamentos de prote\u00e7\u00e3o individual\",\"fornecedor de lanterna de cabe\u00e7a\",\"ilumina\u00e7\u00e3o profissional equipamentos de prote\u00e7\u00e3o individual\",\"lanterna de cabe\u00e7a\",\"lanterna de cabe\u00e7a em Guarulhos\",\"lanterna de cabe\u00e7a em Mau\u00e1\",\"lanterna de cabe\u00e7a em Mogi das Cruzes\",\"lanterna de cabe\u00e7a em Santo Andr\u00e9\",\"lanterna de cabe\u00e7a em s\u00e3o paulo\",\"lanterna de cabe\u00e7a em sp\",\"lanterna de cabe\u00e7a em Suzano\",\"lanterna de cabe\u00e7a na zona leste\",\"lanterna de cabe\u00e7a perto de mim\",\"lanterna de cabe\u00e7a pre\u00e7o\",\"lanterna de cabe\u00e7a profissional\",\"lanterna de cabe\u00e7a pr\u00f3ximo a mim\",\"lanterna de led\",\"lanterna para trabalho\",\"loja de Equipamentos de prote\u00e7\u00e3o individual\",\"loja de lanterna de cabe\u00e7a\",\"normas de seguran\u00e7a\",\"onde encontrar Equipamentos de prote\u00e7\u00e3o individual\",\"onde encontrar lanterna de cabe\u00e7a\",\"preven\u00e7\u00e3o de acidentes\",\"Seguran\u00e7a no trabalho\",\"trabalho noturno\"],\"articleSection\":[\"lanterna de cabe\u00e7a\"],\"inLanguage\":\"pt-BR\"},{\"@type\":\"WebPage\",\"@id\":\"https:\/\/www.mundolinhaviva.com.br\/blog\/por-que-a-lanterna-de-cabeca-e-um-epi-tao-importante\/\",\"url\":\"https:\/\/www.mundolinhaviva.com.br\/blog\/por-que-a-lanterna-de-cabeca-e-um-epi-tao-importante\/\",\"name\":\"Por que a lanterna de cabe\u00e7a \u00e9 um EPI t\u00e3o importante?\",\"isPartOf\":{\"@id\":\"https:\/\/www.mundolinhaviva.com.br\/blog\/#website\"},\"datePublished\":\"2025-01-30T15:05:03+00:00\",\"dateModified\":\"2025-01-30T15:06:25+00:00\",\"description\":\"A lanterna de cabe\u00e7a \u00e9 um EPI essencial para evitar acidentes em ambientes de baixa visibilidade. Veja como escolher o modelo ideal para o seu trabalho.\",\"breadcrumb\":{\"@id\":\"https:\/\/www.mundolinhaviva.com.br\/blog\/por-que-a-lanterna-de-cabeca-e-um-epi-tao-importante\/#breadcrumb\"},\"inLanguage\":\"pt-BR\",\"potentialAction\":[{\"@type\":\"ReadAction\",\"target\":[\"https:\/\/www.mundolinhaviva.com.br\/blog\/por-que-a-lanterna-de-cabeca-e-um-epi-tao-importante\/\"]}]},{\"@type\":\"BreadcrumbList\",\"@id\":\"https:\/\/www.mundolinhaviva.com.br\/blog\/por-que-a-lanterna-de-cabeca-e-um-epi-tao-importante\/#breadcrumb\",\"itemListElement\":[{\"@type\":\"ListItem\",\"position\":1,\"name\":\"Home\",\"item\":\"https:\/\/www.mundolinhaviva.com.br\/blog\/\"},{\"@type\":\"ListItem\",\"position\":2,\"name\":\"lanterna de cabe\u00e7a\",\"item\":\"https:\/\/www.mundolinhaviva.com.br\/blog\/lanterna-de-cabeca\/\"},{\"@type\":\"ListItem\",\"position\":3,\"name\":\"Por que a lanterna de cabe\u00e7a \u00e9 um EPI t\u00e3o importante?\"}]},{\"@type\":\"WebSite\",\"@id\":\"https:\/\/www.mundolinhaviva.com.br\/blog\/#website\",\"url\":\"https:\/\/www.mundolinhaviva.com.br\/blog\/\",\"name\":\"Mundo Linha Viva\",\"description\":\"Blog - Mundo Linha Viva\",\"publisher\":{\"@id\":\"https:\/\/www.mundolinhaviva.com.br\/blog\/#organization\"},\"potentialAction\":[{\"@type\":\"SearchAction\",\"target\":{\"@type\":\"EntryPoint\",\"urlTemplate\":\"https:\/\/www.mundolinhaviva.com.br\/blog\/?s={search_term_string}\"},\"query-input\":\"required name=search_term_string\"}],\"inLanguage\":\"pt-BR\"},{\"@type\":\"Organization\",\"@id\":\"https:\/\/www.mundolinhaviva.com.br\/blog\/#organization\",\"name\":\"Mundo Linha Viva\",\"url\":\"https:\/\/www.mundolinhaviva.com.br\/blog\/\",\"logo\":{\"@type\":\"ImageObject\",\"inLanguage\":\"pt-BR\",\"@id\":\"https:\/\/www.mundolinhaviva.com.br\/blog\/#\/schema\/logo\/image\/\",\"url\":\"https:\/\/www.mundolinhaviva.com.br\/site-22\/wp-content\/uploads\/2018\/11\/logo-mlv-1.png\",\"contentUrl\":\"https:\/\/www.mundolinhaviva.com.br\/site-22\/wp-content\/uploads\/2018\/11\/logo-mlv-1.png\",\"width\":259,\"height\":56,\"caption\":\"Mundo Linha Viva\"},\"image\":{\"@id\":\"https:\/\/www.mundolinhaviva.com.br\/blog\/#\/schema\/logo\/image\/\"},\"sameAs\":[\"https:\/\/www.facebook.com\/MUNDO-LINHA-VIVA-Equipamentos-de-seguran\u00e7a-374736490015498\/?modal=admin_todo_tour\"]},{\"@type\":\"Person\",\"@id\":\"https:\/\/www.mundolinhaviva.com.br\/blog\/#\/schema\/person\/7239328c4d8fdd191d00be520bd49ff0\",\"name\":\"Mundo Linha Viva\"}]}<\/script>\n<!-- \/ Yoast SEO plugin. -->","yoast_head_json":{"title":"Por que a lanterna de cabe\u00e7a \u00e9 um EPI t\u00e3o importante?","description":"A lanterna de cabe\u00e7a \u00e9 um EPI essencial para evitar acidentes em ambientes de baixa visibilidade. Veja como escolher o modelo ideal para o seu trabalho.","robots":{"index":"noindex","follow":"follow","max-snippet":"max-snippet:-1","max-image-preview":"max-image-preview:large","max-video-preview":"max-video-preview:-1"},"og_locale":"pt_BR","og_type":"article","og_title":"Por que a lanterna de cabe\u00e7a \u00e9 um EPI t\u00e3o importante?","og_description":"A lanterna de cabe\u00e7a \u00e9 um EPI essencial para evitar acidentes em ambientes de baixa visibilidade. Veja como escolher o modelo ideal para o seu trabalho.","og_url":"https:\/\/www.mundolinhaviva.com.br\/blog\/por-que-a-lanterna-de-cabeca-e-um-epi-tao-importante\/","og_site_name":"Mundo Linha Viva","article_publisher":"https:\/\/www.facebook.com\/MUNDO-LINHA-VIVA-Equipamentos-de-seguran%c3%a7a-374736490015498\/?modal=admin_todo_tour","article_published_time":"2025-01-30T15:05:03+00:00","article_modified_time":"2025-01-30T15:06:25+00:00","og_image":[{"width":626,"height":417,"url":"https:\/\/www.mundolinhaviva.com.br\/blog\/wp-content\/uploads\/2025\/01\/man-woman-with-head-lights_23-2148282341.jpg","type":"image\/jpeg"}],"author":"Mundo Linha Viva","twitter_card":"summary_large_image","twitter_misc":{"Escrito por":"Mundo Linha Viva","Est. tempo de leitura":"6 minutos"},"schema":{"@context":"https:\/\/schema.org","@graph":[{"@type":"Article","@id":"https:\/\/www.mundolinhaviva.com.br\/blog\/por-que-a-lanterna-de-cabeca-e-um-epi-tao-importante\/#article","isPartOf":{"@id":"https:\/\/www.mundolinhaviva.com.br\/blog\/por-que-a-lanterna-de-cabeca-e-um-epi-tao-importante\/"},"author":{"name":"Mundo Linha Viva","@id":"https:\/\/www.mundolinhaviva.com.br\/blog\/#\/schema\/person\/7239328c4d8fdd191d00be520bd49ff0"},"headline":"Por que a lanterna de cabe\u00e7a \u00e9 um EPI t\u00e3o importante?","datePublished":"2025-01-30T15:05:03+00:00","dateModified":"2025-01-30T15:06:25+00:00","mainEntityOfPage":{"@id":"https:\/\/www.mundolinhaviva.com.br\/blog\/por-que-a-lanterna-de-cabeca-e-um-epi-tao-importante\/"},"wordCount":1121,"publisher":{"@id":"https:\/\/www.mundolinhaviva.com.br\/blog\/#organization"},"keywords":["comprar lanterna de cabe\u00e7a","empresa de Equipamentos de prote\u00e7\u00e3o individual","empresa de lanterna de cabe\u00e7a","EPI","epi certificado","equipamentos de prote\u00e7\u00e3o individual em Guarulhos","equipamentos de prote\u00e7\u00e3o individual em Mau\u00e1","Equipamentos de prote\u00e7\u00e3o individual em Mogi das Cruzes","equipamentos de prote\u00e7\u00e3o individual em Santo Andr\u00e9","Equipamentos de prote\u00e7\u00e3o individual em s\u00e3o paulo","Equipamentos de prote\u00e7\u00e3o individual em sp","equipamentos de prote\u00e7\u00e3o individual em Suzano","equipamentos de prote\u00e7\u00e3o individual na zona leste","Equipamentos de prote\u00e7\u00e3o individual perto de mim","Equipamentos de prote\u00e7\u00e3o individual pre\u00e7o","Equipamentos de prote\u00e7\u00e3o individual pr\u00f3ximo a mim","fornecedor de Equipamentos de prote\u00e7\u00e3o individual","fornecedor de lanterna de cabe\u00e7a","ilumina\u00e7\u00e3o profissional equipamentos de prote\u00e7\u00e3o individual","lanterna de cabe\u00e7a","lanterna de cabe\u00e7a em Guarulhos","lanterna de cabe\u00e7a em Mau\u00e1","lanterna de cabe\u00e7a em Mogi das Cruzes","lanterna de cabe\u00e7a em Santo Andr\u00e9","lanterna de cabe\u00e7a em s\u00e3o paulo","lanterna de cabe\u00e7a em sp","lanterna de cabe\u00e7a em Suzano","lanterna de cabe\u00e7a na zona leste","lanterna de cabe\u00e7a perto de mim","lanterna de cabe\u00e7a pre\u00e7o","lanterna de cabe\u00e7a profissional","lanterna de cabe\u00e7a pr\u00f3ximo a mim","lanterna de led","lanterna para trabalho","loja de Equipamentos de prote\u00e7\u00e3o individual","loja de lanterna de cabe\u00e7a","normas de seguran\u00e7a","onde encontrar Equipamentos de prote\u00e7\u00e3o individual","onde encontrar lanterna de cabe\u00e7a","preven\u00e7\u00e3o de acidentes","Seguran\u00e7a no trabalho","trabalho noturno"],"articleSection":["lanterna de cabe\u00e7a"],"inLanguage":"pt-BR"},{"@type":"WebPage","@id":"https:\/\/www.mundolinhaviva.com.br\/blog\/por-que-a-lanterna-de-cabeca-e-um-epi-tao-importante\/","url":"https:\/\/www.mundolinhaviva.com.br\/blog\/por-que-a-lanterna-de-cabeca-e-um-epi-tao-importante\/","name":"Por que a lanterna de cabe\u00e7a \u00e9 um EPI t\u00e3o importante?","isPartOf":{"@id":"https:\/\/www.mundolinhaviva.com.br\/blog\/#website"},"datePublished":"2025-01-30T15:05:03+00:00","dateModified":"2025-01-30T15:06:25+00:00","description":"A lanterna de cabe\u00e7a \u00e9 um EPI essencial para evitar acidentes em ambientes de baixa visibilidade. Veja como escolher o modelo ideal para o seu trabalho.","breadcrumb":{"@id":"https:\/\/www.mundolinhaviva.com.br\/blog\/por-que-a-lanterna-de-cabeca-e-um-epi-tao-importante\/#breadcrumb"},"inLanguage":"pt-BR","potentialAction":[{"@type":"ReadAction","target":["https:\/\/www.mundolinhaviva.com.br\/blog\/por-que-a-lanterna-de-cabeca-e-um-epi-tao-importante\/"]}]},{"@type":"BreadcrumbList","@id":"https:\/\/www.mundolinhaviva.com.br\/blog\/por-que-a-lanterna-de-cabeca-e-um-epi-tao-importante\/#breadcrumb","itemListElement":[{"@type":"ListItem","position":1,"name":"Home","item":"https:\/\/www.mundolinhaviva.com.br\/blog\/"},{"@type":"ListItem","position":2,"name":"lanterna de cabe\u00e7a","item":"https:\/\/www.mundolinhaviva.com.br\/blog\/lanterna-de-cabeca\/"},{"@type":"ListItem","position":3,"name":"Por que a lanterna de cabe\u00e7a \u00e9 um EPI t\u00e3o importante?"}]},{"@type":"WebSite","@id":"https:\/\/www.mundolinhaviva.com.br\/blog\/#website","url":"https:\/\/www.mundolinhaviva.com.br\/blog\/","name":"Mundo Linha Viva","description":"Blog - Mundo Linha Viva","publisher":{"@id":"https:\/\/www.mundolinhaviva.com.br\/blog\/#organization"},"potentialAction":[{"@type":"SearchAction","target":{"@type":"EntryPoint","urlTemplate":"https:\/\/www.mundolinhaviva.com.br\/blog\/?s={search_term_string}"},"query-input":"required name=search_term_string"}],"inLanguage":"pt-BR"},{"@type":"Organization","@id":"https:\/\/www.mundolinhaviva.com.br\/blog\/#organization","name":"Mundo Linha Viva","url":"https:\/\/www.mundolinhaviva.com.br\/blog\/","logo":{"@type":"ImageObject","inLanguage":"pt-BR","@id":"https:\/\/www.mundolinhaviva.com.br\/blog\/#\/schema\/logo\/image\/","url":"https:\/\/www.mundolinhaviva.com.br\/site-22\/wp-content\/uploads\/2018\/11\/logo-mlv-1.png","contentUrl":"https:\/\/www.mundolinhaviva.com.br\/site-22\/wp-content\/uploads\/2018\/11\/logo-mlv-1.png","width":259,"height":56,"caption":"Mundo Linha Viva"},"image":{"@id":"https:\/\/www.mundolinhaviva.com.br\/blog\/#\/schema\/logo\/image\/"},"sameAs":["https:\/\/www.facebook.com\/MUNDO-LINHA-VIVA-Equipamentos-de-seguran\u00e7a-374736490015498\/?modal=admin_todo_tour"]},{"@type":"Person","@id":"https:\/\/www.mundolinhaviva.com.br\/blog\/#\/schema\/person\/7239328c4d8fdd191d00be520bd49ff0","name":"Mundo Linha Viva"}]}},"_links":{"self":[{"href":"https:\/\/www.mundolinhaviva.com.br\/blog\/wp-json\/wp\/v2\/posts\/2923"}],"collection":[{"href":"https:\/\/www.mundolinhaviva.com.br\/blog\/wp-json\/wp\/v2\/posts"}],"about":[{"href":"https:\/\/www.mundolinhaviva.com.br\/blog\/wp-json\/wp\/v2\/types\/post"}],"author":[{"embeddable":true,"href":"https:\/\/www.mundolinhaviva.com.br\/blog\/wp-json\/wp\/v2\/users\/2"}],"replies":[{"embeddable":true,"href":"https:\/\/www.mundolinhaviva.com.br\/blog\/wp-json\/wp\/v2\/comments?post=2923"}],"version-history":[{"count":1,"href":"https:\/\/www.mundolinhaviva.com.br\/blog\/wp-json\/wp\/v2\/posts\/2923\/revisions"}],"predecessor-version":[{"id":2926,"href":"https:\/\/www.mundolinhaviva.com.br\/blog\/wp-json\/wp\/v2\/posts\/2923\/revisions\/2926"}],"wp:featuredmedia":[{"embeddable":true,"href":"https:\/\/www.mundolinhaviva.com.br\/blog\/wp-json\/wp\/v2\/media\/2924"}],"wp:attachment":[{"href":"https:\/\/www.mundolinhaviva.com.br\/blog\/wp-json\/wp\/v2\/media?parent=2923"}],"wp:term":[{"taxonomy":"category","embeddable":true,"href":"https:\/\/www.mundolinhaviva.com.br\/blog\/wp-json\/wp\/v2\/categories?post=2923"},{"taxonomy":"post_tag","embeddable":true,"href":"https:\/\/www.mundolinhaviva.com.br\/blog\/wp-json\/wp\/v2\/tags?post=2923"}],"curies":[{"name":"wp","href":"https:\/\/api.w.org\/{rel}","templated":true}]}}